{"id":11193,"date":"2015-05-23T01:05:06","date_gmt":"2015-05-23T00:05:06","guid":{"rendered":"http:\/\/www.associationdemarie.org\/blog\/?p=11193"},"modified":"2015-05-08T15:07:51","modified_gmt":"2015-05-08T14:07:51","slug":"si-je-veux-quil-reste-jusqua-ce-que-je-vienne-est-ce-ton-affaire-toi-suis-moi","status":"publish","type":"post","link":"https:\/\/www.associationdemarie.org\/blog\/si-je-veux-quil-reste-jusqua-ce-que-je-vienne-est-ce-ton-affaire-toi-suis-moi\/","title":{"rendered":"\u00ab Si je veux qu&rsquo;il reste jusqu&rsquo;\u00e0 ce que je vienne, est-ce ton affaire ? Toi, suis-moi ! \u00bb"},"content":{"rendered":"<p><a href=\"https:\/\/www.associationdemarie.org\/blog\/wp-content\/uploads\/2015\/05\/santa-teresa-de-jesus-die-heilige-theres-von-avila.jpg\"><img loading=\"lazy\" decoding=\"async\" class=\"aligncenter  wp-image-11194\" src=\"https:\/\/www.associationdemarie.org\/blog\/wp-content\/uploads\/2015\/05\/santa-teresa-de-jesus-die-heilige-theres-von-avila.jpg\" alt=\"santa-teresa-de-jesus-die-heilige-theres-von-avila\" width=\"451\" height=\"188\" srcset=\"https:\/\/www.associationdemarie.org\/blog\/wp-content\/uploads\/2015\/05\/santa-teresa-de-jesus-die-heilige-theres-von-avila.jpg 600w, https:\/\/www.associationdemarie.org\/blog\/wp-content\/uploads\/2015\/05\/santa-teresa-de-jesus-die-heilige-theres-von-avila-300x125.jpg 300w\" sizes=\"auto, (max-width: 451px) 100vw, 451px\" \/><\/a><\/p>\n<p>Je suis tienne, pour toi je suis n\u00e9e,<br \/>\nQue veux-tu faire de moi ?<\/p>\n<p>Majest\u00e9 souveraine,<br \/>\n\u00c9ternelle Sagesse,<br \/>\nBont\u00e9 si bonne pour mon \u00e2me,<br \/>\nToi, Dieu, Altesse, \u00catre unique, Bont\u00e9,<br \/>\nVois mon extr\u00eame bassesse,<br \/>\nMoi qui te chante aujourd&rsquo;hui mon amour.<br \/>\nQue veux-tu faire de moi ?<\/p>\n<p>Je suis tienne, puisque tu m&rsquo;as cr\u00e9\u00e9e,<br \/>\nTienne, puisque tu m&rsquo;as rachet\u00e9e,<br \/>\nTienne, puisque tu me supportes,<br \/>\nTienne, puisque tu m&rsquo;as appel\u00e9e,<br \/>\nTienne, puisque tu m&rsquo;as attendue,<br \/>\nTienne puisque je ne suis pas perdue,<br \/>\nQue veux-tu faire de moi ?<\/p>\n<p>Que veux-tu donc, Seigneur tr\u00e8s bon,<br \/>\nQue fasse un si vil serviteur ?<br \/>\nQuelle mission as-tu donn\u00e9e<br \/>\nA cet esclave p\u00e9cheur ?<br \/>\nMe voici, mon doux amour,<br \/>\nDoux amour, me voici.<br \/>\nQue veux-tu faire de moi ?<\/p>\n<p>Voici mon c\u0153ur,<br \/>\nJe le d\u00e9pose dans ta main,<br \/>\nAvec mon corps, ma vie, mon \u00e2me,<br \/>\nMes entrailles et tout mon amour.<br \/>\nDoux \u00c9poux, mon R\u00e9dempteur,<br \/>\nPour \u00eatre tienne, je me suis offerte,<br \/>\nQue veux-tu faire de moi ?<\/p>\n<p>Donne-moi la mort, donne-moi la vie,<br \/>\nLa sant\u00e9 ou la maladie<br \/>\nDonne l&rsquo;honneur ou le d\u00e9shonneur,<br \/>\nLa guerre ou la plus grande paix,<br \/>\nLa faiblesse ou la pleine force,<br \/>\n\u00c0 tout cela, je dis oui :<br \/>\nQue veux-tu faire de moi ? &#8230;<\/p>\n<p>Je suis tienne, pour toi je suis n\u00e9e,<br \/>\nQue veux-tu faire de moi ?<\/p>\n<p>Sainte Th\u00e9r\u00e8se d&rsquo;Avila (1515-1582), carm\u00e9lite, docteur de l&rsquo;\u00c9glise<br \/>\nPo\u00e9sie \u00ab Vuestra soy, para vos nac\u00ed \u00bb (trad. OC, Seuil 1995, p. 1225)<\/p>\n<p>&nbsp;<\/p>\n<p>&nbsp;<\/p>\n<p>&nbsp;<\/p>\n<p>&nbsp;<\/p>\n","protected":false},"excerpt":{"rendered":"<p>Je suis tienne, pour toi je suis n\u00e9e, Que veux-tu faire de moi ? Majest\u00e9 souveraine, \u00c9ternelle Sagesse, Bont\u00e9 si bonne pour mon \u00e2me, Toi, Dieu, Altesse, \u00catre unique, Bont\u00e9, Vois mon extr\u00eame bassesse, Moi qui te chante aujourd&rsquo;hui mon amour. Que veux-tu faire de moi ? Je suis tienne, puisque tu m&rsquo;as cr\u00e9\u00e9e, Tienne, [&hellip;]<\/p>\n","protected":false},"author":2,"featured_media":0,"comment_status":"closed","ping_status":"closed","sticky":false,"template":"","format":"standard","meta":{"footnotes":""},"categories":[3,26,27,28],"tags":[830,967,1109],"class_list":["post-11193","post","type-post","status-publish","format-standard","hentry","category-liturgique","category-priere-des-ames","category-prieres","category-saints-et-saintes","tag-priere","tag-seigneur","tag-ste-therese-davila"],"_links":{"self":[{"href":"https:\/\/www.associationdemarie.org\/blog\/wp-json\/wp\/v2\/posts\/11193","targetHints":{"allow":["GET"]}}],"collection":[{"href":"https:\/\/www.associationdemarie.org\/blog\/wp-json\/wp\/v2\/posts"}],"about":[{"href":"https:\/\/www.associationdemarie.org\/blog\/wp-json\/wp\/v2\/types\/post"}],"author":[{"embeddable":true,"href":"https:\/\/www.associationdemarie.org\/blog\/wp-json\/wp\/v2\/users\/2"}],"replies":[{"embeddable":true,"href":"https:\/\/www.associationdemarie.org\/blog\/wp-json\/wp\/v2\/comments?post=11193"}],"version-history":[{"count":2,"href":"https:\/\/www.associationdemarie.org\/blog\/wp-json\/wp\/v2\/posts\/11193\/revisions"}],"predecessor-version":[{"id":11196,"href":"https:\/\/www.associationdemarie.org\/blog\/wp-json\/wp\/v2\/posts\/11193\/revisions\/11196"}],"wp:attachment":[{"href":"https:\/\/www.associationdemarie.org\/blog\/wp-json\/wp\/v2\/media?parent=11193"}],"wp:term":[{"taxonomy":"category","embeddable":true,"href":"https:\/\/www.associationdemarie.org\/blog\/wp-json\/wp\/v2\/categories?post=11193"},{"taxonomy":"post_tag","embeddable":true,"href":"https:\/\/www.associationdemarie.org\/blog\/wp-json\/wp\/v2\/tags?post=11193"}],"curies":[{"name":"wp","href":"https:\/\/api.w.org\/{rel}","templated":true}]}}