{"id":11172,"date":"2015-05-19T01:26:51","date_gmt":"2015-05-19T00:26:51","guid":{"rendered":"http:\/\/www.associationdemarie.org\/blog\/?p=11172"},"modified":"2015-05-04T19:37:03","modified_gmt":"2015-05-04T18:37:03","slug":"je-tai-glorifie-sur-la-terre-en-accomplissant-loeuvre-que-tu-mavais-confie","status":"publish","type":"post","link":"https:\/\/www.associationdemarie.org\/blog\/je-tai-glorifie-sur-la-terre-en-accomplissant-loeuvre-que-tu-mavais-confie\/","title":{"rendered":"\u00ab Je t&rsquo;ai glorifi\u00e9 sur la terre en accomplissant l&rsquo;\u0153uvre que tu m&rsquo;avais confi\u00e9. \u00bb"},"content":{"rendered":"<p><a href=\"https:\/\/www.associationdemarie.org\/blog\/wp-content\/uploads\/2015\/05\/veronese_dieu_le_pere.jpg\"><img loading=\"lazy\" decoding=\"async\" class=\"aligncenter size-full wp-image-11173\" src=\"https:\/\/www.associationdemarie.org\/blog\/wp-content\/uploads\/2015\/05\/veronese_dieu_le_pere.jpg\" alt=\"veronese_dieu_le_pere\" width=\"472\" height=\"378\" srcset=\"https:\/\/www.associationdemarie.org\/blog\/wp-content\/uploads\/2015\/05\/veronese_dieu_le_pere.jpg 472w, https:\/\/www.associationdemarie.org\/blog\/wp-content\/uploads\/2015\/05\/veronese_dieu_le_pere-300x240.jpg 300w\" sizes=\"auto, (max-width: 472px) 100vw, 472px\" \/><\/a><\/p>\n<p>\u00ab J&rsquo;ai manifest\u00e9 ton nom aux hommes. \u00bb Ces paroles comprennent, dans la pens\u00e9e du Sauveur, tous ceux qui devaient croire en lui comme membres de cette grande \u00c9glise compos\u00e9e de toutes les nations et dont le psalmiste a dit : \u00ab Je te rendrai gr\u00e2ces dans la grande assembl\u00e9e \u00bb (Ps 21,26). C&rsquo;est vraiment alors cette glorification par laquelle le Fils rend gloire au P\u00e8re en r\u00e9pandant la connaissance de son nom parmi les nations et aux innombrables g\u00e9n\u00e9rations humaines. Quand donc il dit : \u00ab J&rsquo;ai manifest\u00e9 ton nom aux hommes que tu m&rsquo;as donn\u00e9s \u00bb, cela se rapporte \u00e0 ce qui pr\u00e9c\u00e8de : \u00ab Je t&rsquo;ai glorifi\u00e9 sur la terre&#8230; \u00bb<\/p>\n<p>\u00ab J&rsquo;ai manifest\u00e9 ton nom aux hommes que tu m&rsquo;as donn\u00e9s \u00bb : non pas son nom de Dieu, mais celui de P\u00e8re. Ce nom-l\u00e0 ne pouvait pas \u00eatre manifest\u00e9 sans la manifestation du Fils. En effet, il n&rsquo;y a aucun peuple qui, m\u00eame avant de croire en J\u00e9sus Christ, n&rsquo;ait eu une certaine connaissance de Dieu comme \u00e9tant le Dieu de toute la cr\u00e9ation. Car la puissance du Dieu v\u00e9ritable est telle qu&rsquo;il ne peut absolument pas \u00eatre cach\u00e9 \u00e0 une cr\u00e9ature raisonnable qui veut faire usage de son esprit. Sauf un petit nombre d&rsquo;individus dont le caract\u00e8re a vraiment atteint la d\u00e9pravation, le genre humain tout entier reconna\u00eet Dieu comme l&rsquo;auteur de ce monde&#8230; Mais le nom de P\u00e8re de J\u00e9sus Christ, par lequel il enl\u00e8ve le p\u00e9ch\u00e9 du monde, n&rsquo;\u00e9tait nullement connu, et c&rsquo;est ce nom-l\u00e0 que le Seigneur manifeste \u00e0 ceux que son P\u00e8re lui a donn\u00e9s.<\/p>\n<p>Saint Augustin (354-430), \u00e9v\u00eaque d&rsquo;Hippone (Afrique du Nord) et docteur de l&rsquo;\u00c9glise<br \/>\nSermons sur l&rsquo;\u00e9vangile de Jean, n\u00b0106<\/p>\n<p>&nbsp;<\/p>\n<p>&nbsp;<\/p>\n<p>&nbsp;<\/p>\n","protected":false},"excerpt":{"rendered":"<p>\u00ab J&rsquo;ai manifest\u00e9 ton nom aux hommes. \u00bb Ces paroles comprennent, dans la pens\u00e9e du Sauveur, tous ceux qui devaient croire en lui comme membres de cette grande \u00c9glise compos\u00e9e de toutes les nations et dont le psalmiste a dit : \u00ab Je te rendrai gr\u00e2ces dans la grande assembl\u00e9e \u00bb (Ps 21,26). C&rsquo;est vraiment [&hellip;]<\/p>\n","protected":false},"author":2,"featured_media":0,"comment_status":"closed","ping_status":"closed","sticky":false,"template":"","format":"standard","meta":{"footnotes":""},"categories":[3,13,1261,28],"tags":[297,536,848,1012],"class_list":["post-11172","post","type-post","status-publish","format-standard","hentry","category-liturgique","category-ecritures","category-enseignement-2","category-saints-et-saintes","tag-dieu-le-pere","tag-jesus-christ","tag-psaume","tag-st-augustin"],"_links":{"self":[{"href":"https:\/\/www.associationdemarie.org\/blog\/wp-json\/wp\/v2\/posts\/11172","targetHints":{"allow":["GET"]}}],"collection":[{"href":"https:\/\/www.associationdemarie.org\/blog\/wp-json\/wp\/v2\/posts"}],"about":[{"href":"https:\/\/www.associationdemarie.org\/blog\/wp-json\/wp\/v2\/types\/post"}],"author":[{"embeddable":true,"href":"https:\/\/www.associationdemarie.org\/blog\/wp-json\/wp\/v2\/users\/2"}],"replies":[{"embeddable":true,"href":"https:\/\/www.associationdemarie.org\/blog\/wp-json\/wp\/v2\/comments?post=11172"}],"version-history":[{"count":1,"href":"https:\/\/www.associationdemarie.org\/blog\/wp-json\/wp\/v2\/posts\/11172\/revisions"}],"predecessor-version":[{"id":11174,"href":"https:\/\/www.associationdemarie.org\/blog\/wp-json\/wp\/v2\/posts\/11172\/revisions\/11174"}],"wp:attachment":[{"href":"https:\/\/www.associationdemarie.org\/blog\/wp-json\/wp\/v2\/media?parent=11172"}],"wp:term":[{"taxonomy":"category","embeddable":true,"href":"https:\/\/www.associationdemarie.org\/blog\/wp-json\/wp\/v2\/categories?post=11172"},{"taxonomy":"post_tag","embeddable":true,"href":"https:\/\/www.associationdemarie.org\/blog\/wp-json\/wp\/v2\/tags?post=11172"}],"curies":[{"name":"wp","href":"https:\/\/api.w.org\/{rel}","templated":true}]}}