{"id":11168,"date":"2015-05-18T01:14:22","date_gmt":"2015-05-18T00:14:22","guid":{"rendered":"http:\/\/www.associationdemarie.org\/blog\/?p=11168"},"modified":"2015-05-04T05:17:41","modified_gmt":"2015-05-04T04:17:41","slug":"evangile-de-jesus-christ-selon-saint-jean-1629-33","status":"publish","type":"post","link":"https:\/\/www.associationdemarie.org\/blog\/evangile-de-jesus-christ-selon-saint-jean-1629-33\/","title":{"rendered":"\u00c9vangile de J\u00e9sus Christ selon saint Jean 16,29-33."},"content":{"rendered":"<p><span style=\"line-height: 1.5;\">En ce temps-l\u00e0, les disciples de J\u00e9sus lui dirent : \u00ab Voici que tu parles ouvertement et non plus en images.<br \/>\nMaintenant nous savons que tu sais toutes choses, et tu n\u2019as pas besoin qu\u2019on t\u2019interroge : voil\u00e0 pourquoi nous croyons que tu es sorti de Dieu. \u00bb<br \/>\nJ\u00e9sus leur r\u00e9pondit : \u00ab Maintenant vous croyez !<br \/>\nVoici que l\u2019heure vient \u2013 d\u00e9j\u00e0 elle est venue \u2013 o\u00f9 vous serez dispers\u00e9s chacun de son c\u00f4t\u00e9, et vous me laisserez seul ; mais je ne suis pas seul, puisque le P\u00e8re est avec moi.<br \/>\nJe vous ai parl\u00e9 ainsi, afin qu\u2019en moi vous ayez la paix. Dans le monde, vous avez \u00e0 souffrir, mais courage ! Moi, je suis vainqueur du monde. \u00bb <\/span><\/p>\n<p><a href=\"https:\/\/www.associationdemarie.org\/blog\/wp-content\/uploads\/2015\/05\/que-leternel-veille-sur-toi1.png\"><img loading=\"lazy\" decoding=\"async\" class=\"aligncenter size-full wp-image-11169\" src=\"https:\/\/www.associationdemarie.org\/blog\/wp-content\/uploads\/2015\/05\/que-leternel-veille-sur-toi1.png\" alt=\"que-leternel-veille-sur-toi1\" width=\"300\" height=\"300\" srcset=\"https:\/\/www.associationdemarie.org\/blog\/wp-content\/uploads\/2015\/05\/que-leternel-veille-sur-toi1.png 300w, https:\/\/www.associationdemarie.org\/blog\/wp-content\/uploads\/2015\/05\/que-leternel-veille-sur-toi1-150x150.png 150w\" sizes=\"auto, (max-width: 300px) 100vw, 300px\" \/><\/a><\/p>\n<p><span style=\"line-height: 1.5;\">Seigneur, ta mis\u00e9ricorde est \u00e9ternelle. \u00d4 Christ, toi qui es toute mis\u00e9ricorde, donne-nous ta gr\u00e2ce ; \u00e9tends ta main et viens en aide \u00e0 tous ceux qui sont tent\u00e9s, toi qui es bon. Aie piti\u00e9 de tous tes enfants et viens \u00e0 leur secours ; donne-nous, Seigneur mis\u00e9ricordieux, de nous r\u00e9fugier \u00e0 l&rsquo;ombre de ta protection et d&rsquo;\u00eatre d\u00e9livr\u00e9s du mal et des adeptes du Malin.<\/span><\/p>\n<p>Ma vie s&rsquo;est frip\u00e9e comme une toile d&rsquo;araign\u00e9e. Au temps de la d\u00e9tresse et du trouble, nous sommes devenus comme des r\u00e9fugi\u00e9s, et nos ann\u00e9es ont fl\u00e9tri sous la mis\u00e8re et les malheurs. Seigneur, toi qui as apais\u00e9 la mer d&rsquo;un mot, apaise aussi dans ta mis\u00e9ricorde les troubles du monde, soutiens l&rsquo;univers qui chancelle sous le poids de ses fautes.<\/p>\n<p>Gloire au P\u00e8re et au Fils et au Saint Esprit. Seigneur, que ta main mis\u00e9ricordieuse repose sur les croyants et confirme ta promesse aux ap\u00f4tres : \u00ab Je suis avec vous tous les jours jusqu&rsquo;\u00e0 la fin du monde \u00bb (Mt 28,20). Sois notre secours comme tu as \u00e9t\u00e9 le leur et, par ta gr\u00e2ce, sauve-nous de tout mal ; donne-nous la s\u00e9curit\u00e9 et la paix, afin que nous te rendions gr\u00e2ces et adorions ton Saint Nom en tout temps.<\/p>\n<p>Liturgie chald\u00e9enne<br \/>\nHymne de l&rsquo;office du deuxi\u00e8me jour du \u00ab Ba&rsquo;oussa \u00bb, de saint Ephrem (trad. Conseil pontifical pour l&rsquo;unit\u00e9 des chr\u00e9tiens)<\/p>\n<p>&nbsp;<\/p>\n<p>&nbsp;<\/p>\n","protected":false},"excerpt":{"rendered":"<p>En ce temps-l\u00e0, les disciples de J\u00e9sus lui dirent : \u00ab Voici que tu parles ouvertement et non plus en images. Maintenant nous savons que tu sais toutes choses, et tu n\u2019as pas besoin qu\u2019on t\u2019interroge : voil\u00e0 pourquoi nous croyons que tu es sorti de Dieu. \u00bb J\u00e9sus leur r\u00e9pondit : \u00ab Maintenant vous [&hellip;]<\/p>\n","protected":false},"author":2,"featured_media":0,"comment_status":"closed","ping_status":"closed","sticky":false,"template":"","format":"standard","meta":{"footnotes":""},"categories":[3,13,1261,28],"tags":[389,678,757,967,1041,1059],"class_list":["post-11168","post","type-post","status-publish","format-standard","hentry","category-liturgique","category-ecritures","category-enseignement-2","category-saints-et-saintes","tag-evangile","tag-misericorde","tag-paix","tag-seigneur","tag-st-jean","tag-st-matthieu"],"_links":{"self":[{"href":"https:\/\/www.associationdemarie.org\/blog\/wp-json\/wp\/v2\/posts\/11168","targetHints":{"allow":["GET"]}}],"collection":[{"href":"https:\/\/www.associationdemarie.org\/blog\/wp-json\/wp\/v2\/posts"}],"about":[{"href":"https:\/\/www.associationdemarie.org\/blog\/wp-json\/wp\/v2\/types\/post"}],"author":[{"embeddable":true,"href":"https:\/\/www.associationdemarie.org\/blog\/wp-json\/wp\/v2\/users\/2"}],"replies":[{"embeddable":true,"href":"https:\/\/www.associationdemarie.org\/blog\/wp-json\/wp\/v2\/comments?post=11168"}],"version-history":[{"count":2,"href":"https:\/\/www.associationdemarie.org\/blog\/wp-json\/wp\/v2\/posts\/11168\/revisions"}],"predecessor-version":[{"id":11171,"href":"https:\/\/www.associationdemarie.org\/blog\/wp-json\/wp\/v2\/posts\/11168\/revisions\/11171"}],"wp:attachment":[{"href":"https:\/\/www.associationdemarie.org\/blog\/wp-json\/wp\/v2\/media?parent=11168"}],"wp:term":[{"taxonomy":"category","embeddable":true,"href":"https:\/\/www.associationdemarie.org\/blog\/wp-json\/wp\/v2\/categories?post=11168"},{"taxonomy":"post_tag","embeddable":true,"href":"https:\/\/www.associationdemarie.org\/blog\/wp-json\/wp\/v2\/tags?post=11168"}],"curies":[{"name":"wp","href":"https:\/\/api.w.org\/{rel}","templated":true}]}}