{"id":11147,"date":"2015-05-12T02:36:49","date_gmt":"2015-05-12T01:36:49","guid":{"rendered":"http:\/\/www.associationdemarie.org\/blog\/?p=11147"},"modified":"2015-04-27T20:46:12","modified_gmt":"2015-04-27T19:46:12","slug":"prochaine-rencontre-33","status":"publish","type":"post","link":"https:\/\/www.associationdemarie.org\/blog\/prochaine-rencontre-33\/","title":{"rendered":"Prochaine rencontre"},"content":{"rendered":"<p><a href=\"https:\/\/www.associationdemarie.org\/blog\/wp-content\/uploads\/2010\/11\/agenda3.gif\"><img loading=\"lazy\" decoding=\"async\" class=\"alignleft size-full wp-image-1704\" src=\"https:\/\/www.associationdemarie.org\/blog\/wp-content\/uploads\/2010\/11\/agenda3.gif\" alt=\"agenda3\" width=\"63\" height=\"68\" \/><\/a>Le prochain rendez-vous du 17 mai 2015\u00a0aura lieu \u00e0 Magalas. La messe de Saint Joseph de Mont-Rouge \u00e0 Puimisson (34) est \u00e0 11h.<\/p>\n<p><span style=\"color: #ffffff;\">.<\/span><\/p>\n<p><a href=\"https:\/\/www.associationdemarie.org\/blog\/wp-content\/uploads\/2011\/01\/logo.jpg\"><img loading=\"lazy\" decoding=\"async\" class=\"alignright size-full wp-image-2156\" src=\"https:\/\/www.associationdemarie.org\/blog\/wp-content\/uploads\/2011\/01\/logo.jpg\" alt=\"logo\" width=\"220\" height=\"62\" \/><\/a>Rendez-vous est donn\u00e9 \u00e0 10h\/10h30 au sanctuaire de Saint Joseph de Mont-Rouge pour ceux qui le peuvent et le souhaitent.<\/p>\n<p><span style=\"color: #ffffff;\">.<\/span><\/p>\n<p><img loading=\"lazy\" decoding=\"async\" class=\"aligncenter  wp-image-2160\" src=\"https:\/\/www.associationdemarie.org\/blog\/wp-content\/uploads\/2011\/01\/magalas.png\" alt=\"magalas\" width=\"341\" height=\"341\" srcset=\"https:\/\/www.associationdemarie.org\/blog\/wp-content\/uploads\/2011\/01\/magalas.png 510w, https:\/\/www.associationdemarie.org\/blog\/wp-content\/uploads\/2011\/01\/magalas-150x150.png 150w, https:\/\/www.associationdemarie.org\/blog\/wp-content\/uploads\/2011\/01\/magalas-300x300.png 300w\" sizes=\"auto, (max-width: 341px) 100vw, 341px\" \/><\/p>\n<p>Nous nous retrouverons ensuite \u00e0 Magalas chez M. et Mme Valette ( 16, avenue capitaine Bonnet) pour le pique nique sorti du sac et le rosaire.<\/p>\n<p>&nbsp;<\/p>\n<p>&nbsp;<\/p>\n<p>&nbsp;<\/p>\n<p>&nbsp;<\/p>\n<p>&nbsp;<\/p>\n","protected":false},"excerpt":{"rendered":"<p>Le prochain rendez-vous du 17 mai 2015\u00a0aura lieu \u00e0 Magalas. La messe de Saint Joseph de Mont-Rouge \u00e0 Puimisson (34) est \u00e0 11h. . Rendez-vous est donn\u00e9 \u00e0 10h\/10h30 au sanctuaire de Saint Joseph de Mont-Rouge pour ceux qui le peuvent et le souhaitent. . Nous nous retrouverons ensuite \u00e0 Magalas chez M. et Mme [&hellip;]<\/p>\n","protected":false},"author":2,"featured_media":0,"comment_status":"closed","ping_status":"closed","sticky":false,"template":"","format":"standard","meta":{"footnotes":""},"categories":[2,17,18,25],"tags":[671,830,880,882,902],"class_list":["post-11147","post","type-post","status-publish","format-standard","hentry","category-actualites","category-maison-de-marie-dardouane","category-messager","category-pelerinage","tag-messe","tag-priere","tag-rencontre","tag-rendez-vous","tag-rosaire"],"_links":{"self":[{"href":"https:\/\/www.associationdemarie.org\/blog\/wp-json\/wp\/v2\/posts\/11147","targetHints":{"allow":["GET"]}}],"collection":[{"href":"https:\/\/www.associationdemarie.org\/blog\/wp-json\/wp\/v2\/posts"}],"about":[{"href":"https:\/\/www.associationdemarie.org\/blog\/wp-json\/wp\/v2\/types\/post"}],"author":[{"embeddable":true,"href":"https:\/\/www.associationdemarie.org\/blog\/wp-json\/wp\/v2\/users\/2"}],"replies":[{"embeddable":true,"href":"https:\/\/www.associationdemarie.org\/blog\/wp-json\/wp\/v2\/comments?post=11147"}],"version-history":[{"count":4,"href":"https:\/\/www.associationdemarie.org\/blog\/wp-json\/wp\/v2\/posts\/11147\/revisions"}],"predecessor-version":[{"id":11151,"href":"https:\/\/www.associationdemarie.org\/blog\/wp-json\/wp\/v2\/posts\/11147\/revisions\/11151"}],"wp:attachment":[{"href":"https:\/\/www.associationdemarie.org\/blog\/wp-json\/wp\/v2\/media?parent=11147"}],"wp:term":[{"taxonomy":"category","embeddable":true,"href":"https:\/\/www.associationdemarie.org\/blog\/wp-json\/wp\/v2\/categories?post=11147"},{"taxonomy":"post_tag","embeddable":true,"href":"https:\/\/www.associationdemarie.org\/blog\/wp-json\/wp\/v2\/tags?post=11147"}],"curies":[{"name":"wp","href":"https:\/\/api.w.org\/{rel}","templated":true}]}}