{"id":11122,"date":"2015-05-08T01:39:02","date_gmt":"2015-05-08T00:39:02","guid":{"rendered":"http:\/\/www.associationdemarie.org\/blog\/?p=11122"},"modified":"2015-04-24T14:44:34","modified_gmt":"2015-04-24T13:44:34","slug":"evangile-de-jesus-christ-selon-saint-jean-1512-17","status":"publish","type":"post","link":"https:\/\/www.associationdemarie.org\/blog\/evangile-de-jesus-christ-selon-saint-jean-1512-17\/","title":{"rendered":"\u00c9vangile de J\u00e9sus Christ selon saint Jean 15,12-17."},"content":{"rendered":"<p>En ce temps-l\u00e0, J\u00e9sus disait \u00e0 ses disciples : Mon commandement, le voici : Aimez-vous les uns les autres comme je vous ai aim\u00e9s.<br \/>\nIl n\u2019y a pas de plus grand amour que de donner sa vie pour ceux qu\u2019on aime.<br \/>\nVous \u00eates mes amis si vous faites ce que je vous commande.<br \/>\nJe ne vous appelle plus serviteurs, car le serviteur ne sait pas ce que fait son ma\u00eetre ; je vous appelle mes amis, car tout ce que j\u2019ai entendu de mon P\u00e8re, je vous l\u2019ai fait conna\u00eetre.<br \/>\nCe n\u2019est pas vous qui m\u2019avez choisi, c\u2019est moi qui vous ai choisis et \u00e9tablis, afin que vous alliez, que vous portiez du fruit, et que votre fruit demeure. Alors, tout ce que vous demanderez au P\u00e8re en mon nom, il vous le donnera.<br \/>\nVoici ce que je vous commande : c\u2019est de vous aimer les uns les autres.<\/p>\n<p><a href=\"https:\/\/www.associationdemarie.org\/blog\/wp-content\/uploads\/2015\/04\/aimez-vous-comme.jpg\"><img loading=\"lazy\" decoding=\"async\" class=\"aligncenter  wp-image-11123\" src=\"https:\/\/www.associationdemarie.org\/blog\/wp-content\/uploads\/2015\/04\/aimez-vous-comme.jpg\" alt=\"aimez-vous-comme\" width=\"456\" height=\"304\" srcset=\"https:\/\/www.associationdemarie.org\/blog\/wp-content\/uploads\/2015\/04\/aimez-vous-comme.jpg 1024w, https:\/\/www.associationdemarie.org\/blog\/wp-content\/uploads\/2015\/04\/aimez-vous-comme-300x200.jpg 300w\" sizes=\"auto, (max-width: 456px) 100vw, 456px\" \/><\/a><\/p>\n<p>&nbsp;<\/p>\n<p>La mesure de l&rsquo;humanit\u00e9 se d\u00e9termine essentiellement dans son rapport \u00e0 la souffrance et \u00e0 celui qui souffre. Cela vaut pour chacun comme pour la soci\u00e9t\u00e9. Une soci\u00e9t\u00e9 qui ne r\u00e9ussit pas \u00e0 accepter les souffrants et qui n&rsquo;est pas capable de contribuer, par la compassion, \u00e0 faire en sorte que la souffrance soit partag\u00e9e et port\u00e9e aussi int\u00e9rieurement est une soci\u00e9t\u00e9 cruelle et inhumaine&#8230; Le mot latin \u00ab con-solatio \u00bb, consolation, l&rsquo;exprime de mani\u00e8re tr\u00e8s belle, sugg\u00e9rant un \u00eatre-avec dans la solitude, qui alors n&rsquo;est plus solitude. La capacit\u00e9 d&rsquo;accepter la souffrance par amour du bien, de la v\u00e9rit\u00e9 et de la justice est constitutive de la mesure de l&rsquo;humanit\u00e9, parce que si, en d\u00e9finitive, mon bien-\u00eatre personnel, mon int\u00e9grit\u00e9 sont plus importants que la v\u00e9rit\u00e9 et la justice, alors la domination du plus fort l&#8217;emporte ; alors r\u00e8gnent la violence et le mensonge&#8230;<\/p>\n<p>Souffrir avec l&rsquo;autre, pour les autres ; souffrir par amour de la v\u00e9rit\u00e9 et de la justice, souffrir \u00e0 cause de l&rsquo;amour et pour devenir une personne qui aime vraiment \u2014 ce sont des \u00e9l\u00e9ments fondamentaux d&rsquo;humanit\u00e9 ; leur abandon d\u00e9truirait l&rsquo;homme lui-m\u00eame. Mais encore une fois surgit la question : en sommes-nous capables ? &#8230; \u00c0 la foi chr\u00e9tienne, dans l&rsquo;histoire de l&rsquo;humanit\u00e9, revient justement ce m\u00e9rite d&rsquo;avoir suscit\u00e9 dans l&rsquo;homme d&rsquo;une mani\u00e8re nouvelle et \u00e0 une profondeur nouvelle la capacit\u00e9 de souffrir de la sorte, qui est d\u00e9cisive pour son humanit\u00e9. La foi chr\u00e9tienne nous a montr\u00e9 que v\u00e9rit\u00e9, justice, amour ne sont pas simplement des id\u00e9aux, mais des r\u00e9alit\u00e9s de tr\u00e8s grande densit\u00e9. Elle nous a montr\u00e9 en effet que Dieu \u2014 la V\u00e9rit\u00e9 et l&rsquo;Amour en personne \u2014 a voulu souffrir pour nous et avec nous.<\/p>\n<p>Beno\u00eet XVI, pape de 2005 \u00e0 2013<br \/>\nEncyclique \u00ab Spe salvi \u00bb, \u00a7 38-39 (trad. \u00a9 copyright Libreria Editrice Vaticana)<\/p>\n<p>&nbsp;<\/p>\n<p>&nbsp;<\/p>\n<p>&nbsp;<\/p>\n<p>&nbsp;<\/p>\n","protected":false},"excerpt":{"rendered":"<p>En ce temps-l\u00e0, J\u00e9sus disait \u00e0 ses disciples : Mon commandement, le voici : Aimez-vous les uns les autres comme je vous ai aim\u00e9s. Il n\u2019y a pas de plus grand amour que de donner sa vie pour ceux qu\u2019on aime. Vous \u00eates mes amis si vous faites ce que je vous commande. Je ne [&hellip;]<\/p>\n","protected":false},"author":2,"featured_media":0,"comment_status":"closed","ping_status":"closed","sticky":false,"template":"","format":"standard","meta":{"footnotes":""},"categories":[3,13,1261,28],"tags":[49,142,243,389,997,1041],"class_list":["post-11122","post","type-post","status-publish","format-standard","hentry","category-liturgique","category-ecritures","category-enseignement-2","category-saints-et-saintes","tag-aimez","tag-benoit-16","tag-commandements","tag-evangile","tag-souffrance","tag-st-jean"],"_links":{"self":[{"href":"https:\/\/www.associationdemarie.org\/blog\/wp-json\/wp\/v2\/posts\/11122","targetHints":{"allow":["GET"]}}],"collection":[{"href":"https:\/\/www.associationdemarie.org\/blog\/wp-json\/wp\/v2\/posts"}],"about":[{"href":"https:\/\/www.associationdemarie.org\/blog\/wp-json\/wp\/v2\/types\/post"}],"author":[{"embeddable":true,"href":"https:\/\/www.associationdemarie.org\/blog\/wp-json\/wp\/v2\/users\/2"}],"replies":[{"embeddable":true,"href":"https:\/\/www.associationdemarie.org\/blog\/wp-json\/wp\/v2\/comments?post=11122"}],"version-history":[{"count":1,"href":"https:\/\/www.associationdemarie.org\/blog\/wp-json\/wp\/v2\/posts\/11122\/revisions"}],"predecessor-version":[{"id":11124,"href":"https:\/\/www.associationdemarie.org\/blog\/wp-json\/wp\/v2\/posts\/11122\/revisions\/11124"}],"wp:attachment":[{"href":"https:\/\/www.associationdemarie.org\/blog\/wp-json\/wp\/v2\/media?parent=11122"}],"wp:term":[{"taxonomy":"category","embeddable":true,"href":"https:\/\/www.associationdemarie.org\/blog\/wp-json\/wp\/v2\/categories?post=11122"},{"taxonomy":"post_tag","embeddable":true,"href":"https:\/\/www.associationdemarie.org\/blog\/wp-json\/wp\/v2\/tags?post=11122"}],"curies":[{"name":"wp","href":"https:\/\/api.w.org\/{rel}","templated":true}]}}