{"id":11102,"date":"2015-05-04T01:22:32","date_gmt":"2015-05-04T00:22:32","guid":{"rendered":"http:\/\/www.associationdemarie.org\/blog\/?p=11102"},"modified":"2015-04-17T07:25:19","modified_gmt":"2015-04-17T06:25:19","slug":"la-parole-que-vous-entendez-nest-pas-a-moi-elle-est-du-pere-qui-ma-envoye","status":"publish","type":"post","link":"https:\/\/www.associationdemarie.org\/blog\/la-parole-que-vous-entendez-nest-pas-a-moi-elle-est-du-pere-qui-ma-envoye\/","title":{"rendered":"\u00ab La parole que vous entendez n&rsquo;est pas \u00e0 moi : elle est du P\u00e8re, qui m&rsquo;a envoy\u00e9. \u00bb"},"content":{"rendered":"<p><a href=\"https:\/\/www.associationdemarie.org\/blog\/wp-content\/uploads\/2015\/04\/I-Grande-135619-isc6-seigneur-tu-as-les-paroles-de-la-vie-eternelle.net_.jpg\"><img loading=\"lazy\" decoding=\"async\" class=\"aligncenter size-full wp-image-11103\" src=\"https:\/\/www.associationdemarie.org\/blog\/wp-content\/uploads\/2015\/04\/I-Grande-135619-isc6-seigneur-tu-as-les-paroles-de-la-vie-eternelle.net_.jpg\" alt=\"I-Grande-135619-isc6-seigneur-tu-as-les-paroles-de-la-vie-eternelle.net\" width=\"500\" height=\"343\" srcset=\"https:\/\/www.associationdemarie.org\/blog\/wp-content\/uploads\/2015\/04\/I-Grande-135619-isc6-seigneur-tu-as-les-paroles-de-la-vie-eternelle.net_.jpg 500w, https:\/\/www.associationdemarie.org\/blog\/wp-content\/uploads\/2015\/04\/I-Grande-135619-isc6-seigneur-tu-as-les-paroles-de-la-vie-eternelle.net_-300x206.jpg 300w\" sizes=\"auto, (max-width: 500px) 100vw, 500px\" \/><\/a><\/p>\n<p>La raison principale pour laquelle sous la Loi ancienne il \u00e9tait permis d&rsquo;interroger Dieu et qu&rsquo;il convenait aux proph\u00e8tes et aux pr\u00eatres de d\u00e9sirer des visions et des r\u00e9v\u00e9lations divines, c&rsquo;est que la foi n&rsquo;\u00e9tait pas encore fond\u00e9e, ni la Loi \u00e9vang\u00e9lique promulgu\u00e9e&#8230; Mais maintenant&#8230;, il n&rsquo;y a plus lieu d&rsquo;interroger Dieu de cette mani\u00e8re, pour qu&rsquo;il parle et r\u00e9ponde comme autrefois. Car en nous donnant son Fils comme il l&rsquo;a fait, son Fils qui est son unique Parole (Jn 1,1) car il n&rsquo;en a pas d&rsquo;autre, Dieu nous a tout dit en une fois et par cette seule Parole : il n&rsquo;a plus rien \u00e0 dire. C&rsquo;est le sens du passage o\u00f9 saint Paul dit aux H\u00e9breux&#8230; : \u00ab Dieu a parl\u00e9 \u00e0 nos p\u00e8res par les proph\u00e8tes, souvent et de bien des mani\u00e8res ; dans les derniers temps, en ces jours o\u00f9 nous sommes, il nous a parl\u00e9 par le Fils \u00bb (He 1,1)&#8230;<\/p>\n<p>Voil\u00e0 pourquoi celui qui voudrait interroger Dieu maintenant ou demander des visions ou des r\u00e9v\u00e9lations non seulement ferait une sottise mais offenserait Dieu, parce qu&rsquo;il cesserait de fixer les yeux sur le Christ et voudrait quelque chose d&rsquo;autre ou de nouveau. Dieu pourrait lui r\u00e9pondre : \u00ab Puisque je t&rsquo;ai dit tout ce que j&rsquo;avais \u00e0 dire par la Parole qui est mon Fils, il ne me reste plus rien \u00e0 te r\u00e9v\u00e9ler ou \u00e0 te r\u00e9pondre. Fixe les yeux sur lui seul, car en lui j&rsquo;ai tout d\u00e9pos\u00e9, en lui j&rsquo;ai tout dit, tout r\u00e9v\u00e9l\u00e9 ; en lui tu trouveras bien plus que tout ce que tu peux d\u00e9sirer et demander&#8230; Depuis le jour o\u00f9 je suis descendu sur lui avec mon Esprit au mont Thabor, en disant : &lsquo; Celui-ci est mon Fils bien-aim\u00e9, en qui j&rsquo;ai mis tout mon amour : \u00e9coutez-le &lsquo; (Mt 17,5), j&rsquo;ai mis fin \u00e0 tout autre enseignement, \u00e0 toute autre r\u00e9ponse&#8230; \u00c9coutez-le, parce que je n&rsquo;ai plus rien \u00e0 r\u00e9v\u00e9ler, plus rien \u00e0 manifester. Si j&rsquo;ai parl\u00e9 autrefois, c&rsquo;\u00e9tait pour vous promettre le Christ. Quand on m&rsquo;adressait des questions, elles concernaient l&rsquo;esp\u00e9rance du Christ, en qui vous trouverez tout bien, comme le proclame maintenant la doctrine expos\u00e9e par les \u00e9vang\u00e9listes et les ap\u00f4tres \u00bb.<\/p>\n<p>Saint Jean de la Croix (1542-1591), carme, docteur de l&rsquo;\u00c9glise<br \/>\nLa Mont\u00e9e du Carmel, livre 2, ch. 22<\/p>\n<p>&nbsp;<\/p>\n<p>&nbsp;<\/p>\n<p>&nbsp;<\/p>\n","protected":false},"excerpt":{"rendered":"<p>La raison principale pour laquelle sous la Loi ancienne il \u00e9tait permis d&rsquo;interroger Dieu et qu&rsquo;il convenait aux proph\u00e8tes et aux pr\u00eatres de d\u00e9sirer des visions et des r\u00e9v\u00e9lations divines, c&rsquo;est que la foi n&rsquo;\u00e9tait pas encore fond\u00e9e, ni la Loi \u00e9vang\u00e9lique promulgu\u00e9e&#8230; Mais maintenant&#8230;, il n&rsquo;y a plus lieu d&rsquo;interroger Dieu de cette mani\u00e8re, [&hellip;]<\/p>\n","protected":false},"author":2,"featured_media":0,"comment_status":"closed","ping_status":"closed","sticky":false,"template":"","format":"standard","meta":{"footnotes":""},"categories":[3,13,1261,28],"tags":[1382,772,842,893,1244,1179],"class_list":["post-11102","post","type-post","status-publish","format-standard","hentry","category-liturgique","category-ecritures","category-enseignement-2","category-saints-et-saintes","tag-ecritures","tag-parole-du-pere","tag-prophetes","tag-revelation","tag-st-jean-de-la-croix","tag-verbe"],"_links":{"self":[{"href":"https:\/\/www.associationdemarie.org\/blog\/wp-json\/wp\/v2\/posts\/11102","targetHints":{"allow":["GET"]}}],"collection":[{"href":"https:\/\/www.associationdemarie.org\/blog\/wp-json\/wp\/v2\/posts"}],"about":[{"href":"https:\/\/www.associationdemarie.org\/blog\/wp-json\/wp\/v2\/types\/post"}],"author":[{"embeddable":true,"href":"https:\/\/www.associationdemarie.org\/blog\/wp-json\/wp\/v2\/users\/2"}],"replies":[{"embeddable":true,"href":"https:\/\/www.associationdemarie.org\/blog\/wp-json\/wp\/v2\/comments?post=11102"}],"version-history":[{"count":1,"href":"https:\/\/www.associationdemarie.org\/blog\/wp-json\/wp\/v2\/posts\/11102\/revisions"}],"predecessor-version":[{"id":11104,"href":"https:\/\/www.associationdemarie.org\/blog\/wp-json\/wp\/v2\/posts\/11102\/revisions\/11104"}],"wp:attachment":[{"href":"https:\/\/www.associationdemarie.org\/blog\/wp-json\/wp\/v2\/media?parent=11102"}],"wp:term":[{"taxonomy":"category","embeddable":true,"href":"https:\/\/www.associationdemarie.org\/blog\/wp-json\/wp\/v2\/categories?post=11102"},{"taxonomy":"post_tag","embeddable":true,"href":"https:\/\/www.associationdemarie.org\/blog\/wp-json\/wp\/v2\/tags?post=11102"}],"curies":[{"name":"wp","href":"https:\/\/api.w.org\/{rel}","templated":true}]}}