{"id":111,"date":"2009-03-18T18:52:20","date_gmt":"2009-03-18T18:52:20","guid":{"rendered":"http:\/\/preprod.meltem-int.com\/marie\/blog\/?p=111"},"modified":"2009-03-18T18:52:20","modified_gmt":"2009-03-18T18:52:20","slug":"actualites-mars-2009","status":"publish","type":"post","link":"https:\/\/www.associationdemarie.org\/blog\/actualites-mars-2009\/","title":{"rendered":"Actualit\u00e9s &#8211; mars 2009"},"content":{"rendered":"<p>\u00a0<\/p>\n<p><img loading=\"lazy\" decoding=\"async\" class=\"alignright size-full wp-image-112\" title=\"stylo\" src=\"https:\/\/www.associationdemarie.org\/blog\/wp-content\/uploads\/2009\/05\/stylo.gif\" alt=\"stylo\" width=\"46\" height=\"50\" \/>Le prix du p\u00e8lerinage du mois d&rsquo;ao\u00fbt est de 550 Euros tout compris en pension compl\u00e8te. Nous serons accompagn\u00e9s d&rsquo;un pr\u00eatre qui c\u00e9l\u00e8brera la messe tous les jours (Arenzano, Saint Paul, San Giovanni, Lanciano, San Damiano).\u00a0<span style=\"font-size: small;\"><span style=\"font-family: 'Times New Roman';\">Il sera demand\u00e9 un acompte de 200 euros pour toute inscription<strong>.\u00a0<\/strong>(L\u2019\u00e9talement du paiement du montant de l\u2019acompte et du reste \u00e0 payer est possible.)<strong>\u00a0<\/strong><\/span><\/span><\/p>\n<p><strong>Un programme d\u00e9taill\u00e9 sera envoy\u00e9 \u00e0 ceux qui seront int\u00e9ress\u00e9s par ce p\u00e8lerinage et qui peuvent s&rsquo;inscrire d\u00e8s maintenant, via le blog, ou en envoyant un mail \u00e0\u00a0<a href=\"mailto:lamaisonde.marie@free.fr\"><span style=\"font-family: 'Times New Roman'; font-size: small;\">lamaisonde.marie@free.fr<\/span><\/a><\/strong><\/p>\n<p><span style=\"font-family: 'Times New Roman';\">Une r\u00e9union des groupes de pri\u00e8res secteur H\u00e9rault Ouest aura lieu le 28 mars de 9 h \u00e0 12 h \u00e0 Montagnac, chez M et Mme Navarro (voir adresse dans la rubrique groupes de pri\u00e8res).<span>Point de RV, pour ceux qui le souhaitent, devant la cave coop\u00e9rative \u00e0 8h45.<\/span><\/span><\/p>\n<p><span style=\"font-family: 'Times New Roman';\">Notre prochain rendez vous de rassemblement collectif dans la pri\u00e8re est fix\u00e9, au\u00a0<strong>Mas Dieu, le dimanche 19 avril 2009.<\/strong><\/span><\/p>\n<p><span style=\"font-family: 'Times New Roman';\"><strong>Le bulletin n\u00b09 est en ligne<\/strong>. Vous pouvez aussi \u00e9couter la version audio sur le site.<\/span><\/p>\n<p class=\"MsoNormal\"><span style=\"font-family: 'Times New Roman'; font-size: small;\">Chaque jour, un message nouveau para\u00eet d&rsquo;ailleurs sur ce blog pour nous aider dans la r\u00e9flexion, dans la pri\u00e8re et nous tenir inform\u00e9s de l\u2019actualit\u00e9 de la maison. Vous pouvez aussi d\u00e9poser vos commentaires ou vos intentions de pri\u00e8re que nous porterons \u00e0 chacun de nos rendez-vous.<\/span><\/p>\n","protected":false},"excerpt":{"rendered":"<p>\u00a0 Le prix du p\u00e8lerinage du mois d&rsquo;ao\u00fbt est de 550 Euros tout compris en pension compl\u00e8te. Nous serons accompagn\u00e9s d&rsquo;un pr\u00eatre qui c\u00e9l\u00e8brera la messe tous les jours (Arenzano, Saint Paul, San Giovanni, Lanciano, San Damiano).\u00a0Il sera demand\u00e9 un acompte de 200 euros pour toute inscription.\u00a0(L\u2019\u00e9talement du paiement du montant de l\u2019acompte et du [&hellip;]<\/p>\n","protected":false},"author":2,"featured_media":0,"comment_status":"closed","ping_status":"closed","sticky":false,"template":"","format":"standard","meta":{"footnotes":""},"categories":[2],"tags":[1380,463,648,1387],"class_list":["post-111","post","type-post","status-publish","format-standard","hentry","category-actualites","tag-bulletin","tag-groupe","tag-mas-dieu","tag-pelerinage"],"_links":{"self":[{"href":"https:\/\/www.associationdemarie.org\/blog\/wp-json\/wp\/v2\/posts\/111","targetHints":{"allow":["GET"]}}],"collection":[{"href":"https:\/\/www.associationdemarie.org\/blog\/wp-json\/wp\/v2\/posts"}],"about":[{"href":"https:\/\/www.associationdemarie.org\/blog\/wp-json\/wp\/v2\/types\/post"}],"author":[{"embeddable":true,"href":"https:\/\/www.associationdemarie.org\/blog\/wp-json\/wp\/v2\/users\/2"}],"replies":[{"embeddable":true,"href":"https:\/\/www.associationdemarie.org\/blog\/wp-json\/wp\/v2\/comments?post=111"}],"version-history":[{"count":0,"href":"https:\/\/www.associationdemarie.org\/blog\/wp-json\/wp\/v2\/posts\/111\/revisions"}],"wp:attachment":[{"href":"https:\/\/www.associationdemarie.org\/blog\/wp-json\/wp\/v2\/media?parent=111"}],"wp:term":[{"taxonomy":"category","embeddable":true,"href":"https:\/\/www.associationdemarie.org\/blog\/wp-json\/wp\/v2\/categories?post=111"},{"taxonomy":"post_tag","embeddable":true,"href":"https:\/\/www.associationdemarie.org\/blog\/wp-json\/wp\/v2\/tags?post=111"}],"curies":[{"name":"wp","href":"https:\/\/api.w.org\/{rel}","templated":true}]}}