{"id":11087,"date":"2015-05-03T01:27:55","date_gmt":"2015-05-03T00:27:55","guid":{"rendered":"http:\/\/www.associationdemarie.org\/blog\/?p=11087"},"modified":"2015-04-16T08:44:36","modified_gmt":"2015-04-16T07:44:36","slug":"evangile-de-jesus-christ-selon-saint-jean-151-8","status":"publish","type":"post","link":"https:\/\/www.associationdemarie.org\/blog\/evangile-de-jesus-christ-selon-saint-jean-151-8\/","title":{"rendered":"\u00c9vangile de J\u00e9sus Christ selon saint Jean 15,1-8."},"content":{"rendered":"<p><a href=\"https:\/\/www.associationdemarie.org\/blog\/wp-content\/uploads\/2015\/04\/DrWOKBZC4uKJc0Qoh_a0jM98rI.jpg\"><img loading=\"lazy\" decoding=\"async\" class=\"alignleft  wp-image-11089\" src=\"https:\/\/www.associationdemarie.org\/blog\/wp-content\/uploads\/2015\/04\/DrWOKBZC4uKJc0Qoh_a0jM98rI.jpg\" alt=\"-DrWOKBZC4uKJc0Qoh_a0jM98rI\" width=\"154\" height=\"144\" srcset=\"https:\/\/www.associationdemarie.org\/blog\/wp-content\/uploads\/2015\/04\/DrWOKBZC4uKJc0Qoh_a0jM98rI.jpg 463w, https:\/\/www.associationdemarie.org\/blog\/wp-content\/uploads\/2015\/04\/DrWOKBZC4uKJc0Qoh_a0jM98rI-300x282.jpg 300w\" sizes=\"auto, (max-width: 154px) 100vw, 154px\" \/><\/a>En ce temps-l\u00e0, J\u00e9sus disait \u00e0 ses disciples : Moi, je suis la vraie vigne, et mon P\u00e8re est le vigneron.<\/p>\n<p>Tout sarment qui est en moi, mais qui ne porte pas de fruit, mon P\u00e8re l\u2019enl\u00e8ve ; tout sarment qui porte du fruit, il le purifie en le taillant, pour qu\u2019il en porte davantage.<br \/>\nMais vous, d\u00e9j\u00e0 vous voici purifi\u00e9s gr\u00e2ce \u00e0 la parole que je vous ai dite.<br \/>\nDemeurez en moi, comme moi en vous. De m\u00eame que le sarment ne peut pas porter de fruit par lui-m\u00eame s\u2019il ne demeure pas sur la vigne, de m\u00eame vous non plus, si vous ne demeurez pas en moi.<br \/>\nMoi, je suis la vigne, et vous, les sarments. Celui qui demeure en moi et en qui je demeure, celui-l\u00e0 porte beaucoup de fruit, car, en dehors de moi, vous ne pouvez rien faire.<br \/>\nSi quelqu\u2019un ne demeure pas en moi, il est, comme le sarment, jet\u00e9 dehors, et il se dess\u00e8che. Les sarments secs, on les ramasse, on les jette au feu, et ils br\u00fblent.<br \/>\nSi vous demeurez en moi, et que mes paroles demeurent en vous, demandez tout ce que vous voulez, et cela se r\u00e9alisera pour vous.<br \/>\nCe qui fait la gloire de mon P\u00e8re, c\u2019est que vous portiez beaucoup de fruit et que vous soyez pour moi des disciples.<\/p>\n<p><a href=\"https:\/\/www.associationdemarie.org\/blog\/wp-content\/uploads\/2015\/04\/jesus-vraie-vigne.jpg\"><img loading=\"lazy\" decoding=\"async\" class=\"aligncenter  wp-image-11088\" src=\"https:\/\/www.associationdemarie.org\/blog\/wp-content\/uploads\/2015\/04\/jesus-vraie-vigne-300x200.jpg\" alt=\"jesus-vraie-vigne\" width=\"370\" height=\"246\" srcset=\"https:\/\/www.associationdemarie.org\/blog\/wp-content\/uploads\/2015\/04\/jesus-vraie-vigne-300x200.jpg 300w, https:\/\/www.associationdemarie.org\/blog\/wp-content\/uploads\/2015\/04\/jesus-vraie-vigne-1024x683.jpg 1024w, https:\/\/www.associationdemarie.org\/blog\/wp-content\/uploads\/2015\/04\/jesus-vraie-vigne.jpg 1200w\" sizes=\"auto, (max-width: 370px) 100vw, 370px\" \/><\/a><\/p>\n<p>Il te suffit de regarder la vigne avec intelligence pour te souvenir de ta nature. Tu te rappelles \u00e9videmment la comparaison faite par le Seigneur quand il dit qu&rsquo;il est lui-m\u00eame la vigne et son P\u00e8re, le vigneron. Chacun de nous avons \u00e9t\u00e9 greff\u00e9s par la foi sur l&rsquo;\u00c9glise, et le Seigneur nous appelle des sarments, il nous exhorte \u00e0 porter beaucoup de fruits, de peur que notre st\u00e9rilit\u00e9 ne nous fasse condamner et livrer au feu. Il ne cesse, en toutes occasions, de comparer les \u00e2mes humaines \u00e0 des vignes. Mon bien-aim\u00e9 avait une vigne, dit-il, sur un coteau, en un lieu fertile (Is 5,1), et: J&rsquo;ai plant\u00e9 une vigne, je l&rsquo;ai entour\u00e9e d&rsquo;une haie (cf. Mt 21,33). Ce sont \u00e9videmment les \u00e2mes humaines que J\u00e9sus appelle sa vigne, elles qu&rsquo;il a entour\u00e9es comme d&rsquo;une cl\u00f4ture, de la s\u00e9curit\u00e9 que donnent ses commandements et de la garde de ses anges, car l&rsquo;ange du Seigneur campera autour de ceux qui le craignent (Ps 33,8). Ensuite il a plant\u00e9 autour de nous une sorte de palissade en \u00e9tablissant dans l&rsquo;\u00c9glise premi\u00e8rement des Ap\u00f4tres, deuxi\u00e8mement des proph\u00e8tes, troisi\u00e8mement des docteurs.<br \/>\nEn outre, par les exemples des saints hommes d&rsquo;autrefois, il \u00e9l\u00e8ve nos pens\u00e9es sans les laisser tomber \u00e0 terre o\u00f9 elles m\u00e9riteraient d&rsquo;\u00eatre foul\u00e9es aux pieds. Il veut que les embrassements de la charit\u00e9, comme les vrilles d&rsquo;une vigne, nous attachent \u00e0 notre prochain et nous fassent reposer sur lui afin qu&rsquo;en gardant constamment notre \u00e9lan vers le ciel, nous nous \u00e9levions comme des vignes grimpantes jusqu&rsquo;aux plus hautes cimes.<br \/>\nIl nous demande encore de consentir \u00e0 \u00eatre sarcl\u00e9s. Or une \u00e2me est sarcl\u00e9e quand elle \u00e9carte d&rsquo;elle les soucis du monde qui sont un fardeau pour nos coeurs. Ainsi celui qui \u00e9carte de soi l&rsquo;amour charnel et l&rsquo;attachement aux richesses, ou qui tient pour d\u00e9testable et m\u00e9prisable la passion pour cette mis\u00e9rable gloriole, a, pour ainsi dire, \u00e9t\u00e9 sarcl\u00e9, et il respire de nouveau, d\u00e9barrass\u00e9 du fardeau inutile des pens\u00e9es terrestres.<br \/>\nMais, pour rester dans la ligne de la parabole, il ne nous faut pas produire que du bois, c&rsquo;est-\u00e0-dire vivre avec ostentation, ni rechercher la louange de ceux du dehors: il nous faut porter du fruit en r\u00e9servant nos oeuvres pour les montrer au vrai vigneron.<\/p>\n<p><span style=\"color: #ffffff;\">.<\/span><br \/>\nSaint Basile le Grand ( + 379)<br \/>\nHom\u00e9lies sur l&rsquo;Hexa\u00e9m\u00e9ron, 5, 6<br \/>\nzenit.org<\/p>\n<p>&nbsp;<\/p>\n<p>&nbsp;<\/p>\n<p>&nbsp;<\/p>\n","protected":false},"excerpt":{"rendered":"<p>En ce temps-l\u00e0, J\u00e9sus disait \u00e0 ses disciples : Moi, je suis la vraie vigne, et mon P\u00e8re est le vigneron. Tout sarment qui est en moi, mais qui ne porte pas de fruit, mon P\u00e8re l\u2019enl\u00e8ve ; tout sarment qui porte du fruit, il le purifie en le taillant, pour qu\u2019il en porte davantage. [&hellip;]<\/p>\n","protected":false},"author":2,"featured_media":0,"comment_status":"closed","ping_status":"closed","sticky":false,"template":"","format":"standard","meta":{"footnotes":""},"categories":[3,13,1261,16,28],"tags":[389,440,536,1289,1041,1190],"class_list":["post-11087","post","type-post","status-publish","format-standard","hentry","category-liturgique","category-ecritures","category-enseignement-2","category-jardins-de-la-bible","category-saints-et-saintes","tag-evangile","tag-fruits","tag-jesus-christ","tag-st-basile","tag-st-jean","tag-vigne"],"_links":{"self":[{"href":"https:\/\/www.associationdemarie.org\/blog\/wp-json\/wp\/v2\/posts\/11087","targetHints":{"allow":["GET"]}}],"collection":[{"href":"https:\/\/www.associationdemarie.org\/blog\/wp-json\/wp\/v2\/posts"}],"about":[{"href":"https:\/\/www.associationdemarie.org\/blog\/wp-json\/wp\/v2\/types\/post"}],"author":[{"embeddable":true,"href":"https:\/\/www.associationdemarie.org\/blog\/wp-json\/wp\/v2\/users\/2"}],"replies":[{"embeddable":true,"href":"https:\/\/www.associationdemarie.org\/blog\/wp-json\/wp\/v2\/comments?post=11087"}],"version-history":[{"count":3,"href":"https:\/\/www.associationdemarie.org\/blog\/wp-json\/wp\/v2\/posts\/11087\/revisions"}],"predecessor-version":[{"id":11092,"href":"https:\/\/www.associationdemarie.org\/blog\/wp-json\/wp\/v2\/posts\/11087\/revisions\/11092"}],"wp:attachment":[{"href":"https:\/\/www.associationdemarie.org\/blog\/wp-json\/wp\/v2\/media?parent=11087"}],"wp:term":[{"taxonomy":"category","embeddable":true,"href":"https:\/\/www.associationdemarie.org\/blog\/wp-json\/wp\/v2\/categories?post=11087"},{"taxonomy":"post_tag","embeddable":true,"href":"https:\/\/www.associationdemarie.org\/blog\/wp-json\/wp\/v2\/tags?post=11087"}],"curies":[{"name":"wp","href":"https:\/\/api.w.org\/{rel}","templated":true}]}}