{"id":11043,"date":"2015-04-22T01:46:08","date_gmt":"2015-04-22T00:46:08","guid":{"rendered":"http:\/\/www.associationdemarie.org\/blog\/?p=11043"},"modified":"2015-04-08T05:48:25","modified_gmt":"2015-04-08T04:48:25","slug":"mere-de-leglise","status":"publish","type":"post","link":"https:\/\/www.associationdemarie.org\/blog\/mere-de-leglise\/","title":{"rendered":"M\u00e8re de l&rsquo;Eglise"},"content":{"rendered":"<p><a href=\"https:\/\/www.associationdemarie.org\/blog\/wp-content\/uploads\/2015\/04\/st-Gabriel.jpg\"><img loading=\"lazy\" decoding=\"async\" class=\"aligncenter  wp-image-11044\" src=\"https:\/\/www.associationdemarie.org\/blog\/wp-content\/uploads\/2015\/04\/st-Gabriel.jpg\" alt=\"st Gabriel\" width=\"425\" height=\"293\" srcset=\"https:\/\/www.associationdemarie.org\/blog\/wp-content\/uploads\/2015\/04\/st-Gabriel.jpg 640w, https:\/\/www.associationdemarie.org\/blog\/wp-content\/uploads\/2015\/04\/st-Gabriel-300x207.jpg 300w\" sizes=\"auto, (max-width: 425px) 100vw, 425px\" \/><\/a><\/p>\n<p>Le 28 novembre 1964, \u00e0 l&rsquo;occasion de la promulgation de la constitution dogmatique Lumen Gentium, Paul VI a proclam\u00e9 Marie \u00ab\u00a0M\u00e8re de l&rsquo;Eglise\u00a0\u00bb, sans exprimer en cela la position unanime des P\u00e8res r\u00e9unis en concile. Nombreux \u00e9taient les \u00e9v\u00eaques qui souhaitaient un texte particulier consacr\u00e9 \u00e0 Marie ; avec le risque de faire d&rsquo;elle une quasi d\u00e9esse, elle-m\u00eame r\u00e9demptrice, \u00e0 l&rsquo;\u00e9gal du Christ. Mais finalement, la majorit\u00e9 des \u00e9v\u00eaques a pr\u00e9f\u00e9r\u00e9 rester sobre dans la pr\u00e9sentation de Marie en la situant clairement dans l&rsquo;Eglise. C&rsquo;\u00e9tait aussi une mani\u00e8re de r\u00e9affirmer que le Christ est le seul R\u00e9dempteur et seul m\u00e9diateur entre Dieu et les hommes.<br \/>\n(&#8230;) Les conclusions du concile Vatican II (Lumen Gentium, 62), confirm\u00e9es par Paul VI, puis Jean-Paul II [insistent]: \u00ab\u00a0Aucune cr\u00e9ature ne peut faire nombre avec le Verbe incarn\u00e9 et r\u00e9dempteur\u00a0\u00bb. Autrement dit, seul le Christ, Dieu fait homme, sauve l&rsquo;homme.<br \/>\nLa foi catholique est la foi en un Dieu unique et trinit\u00e9 : le culte est rendu au P\u00e8re, par le Fils, dans l&rsquo;Esprit. Le culte rendu \u00e0 la Vierge n&rsquo;est pas un culte d&rsquo;adoration, r\u00e9serv\u00e9 \u00e0 Dieu seul. Il souligne la place unique et privil\u00e9gi\u00e9e que tient Marie dans l&rsquo;histoire du salut et dans la vie de l\u2019\u00c9glise, et le fid\u00e8le doit s&rsquo;y garder de toute d\u00e9rive sentimentaliste. \u00ab\u00a0L\u2019\u00c9glise honore \u00e0 juste titre d&rsquo;un culte sp\u00e9cial celle que la gr\u00e2ce de Dieu a faite inf\u00e9rieure \u00e0 son Fils certes, mais sup\u00e9rieure \u00e0 tous les anges et \u00e0 tous les hommes, en raison de son r\u00f4le de M\u00e8re tr\u00e8s sainte de Dieu, et de son association aux myst\u00e8res du Christ\u00a0\u00bb (Lumen Gentium, 66).<br \/>\n(&#8230;)<br \/>\nMarie a certainement \u00e9t\u00e9 celle qui a initi\u00e9 J\u00e9sus \u00e0 la pri\u00e8re, elle qui a demand\u00e9 aux serviteurs de Cana de \u00ab\u00a0faire tout ce qu\u2019il dira\u00a0\u00bb.<br \/>\n\u00ab\u00a0Je ne prie pas Marie, je prie J\u00e9sus avec elle\u00a0\u00bb, \u00e9crivait la th\u00e9ologienne protestante France Qu\u00e9r\u00e9. On ne peut mieux d\u00e9finir le sens de la pri\u00e8re \u00e0 la Vierge. En se tournant vers Marie, dans la pri\u00e8re, le chr\u00e9tien se tourne avec elle vers le Christ qu&rsquo;elle ne cesse de nous pr\u00e9senter.<br \/>\nLa premi\u00e8re et la plus universelle de toutes les pri\u00e8res \u00e0 Marie est celle qui reprend les paroles de l&rsquo;ange Gabriel \u00e0 l&rsquo;heure de l&rsquo;Annonciation : \u00ab\u00a0Je vous salue Marie pleine de gr\u00e2ce, le Seigneur est avec vous&#8230;\u00a0\u00bb (Luc 1,28).<br \/>\n\u00ab\u00a0Que les fid\u00e8les se souviennent qu&rsquo;une v\u00e9ritable d\u00e9votion ne consiste nullement dans un mouvement st\u00e9rile et \u00e9ph\u00e9m\u00e8re de la sensibilit\u00e9, pas plus que dans une vaine cr\u00e9dulit\u00e9 ; la vraie d\u00e9votion proc\u00e8de de la vraie foi qui conduit \u00e0 reconna\u00eetre la dignit\u00e9 de la M\u00e8re de Dieu, et pousse \u00e0 aimer cette M\u00e8re d&rsquo;un amour filial et \u00e0 poursuivre l&rsquo;imitation de ses vertus\u00a0\u00bb (Vatican II Lumen Gentium, 67).<\/p>\n<p>Hors-s\u00e9rie P\u00e8lerin \u00ab\u00a050 cl\u00e9s pour comprendre Marie\u00a0\u00bb<\/p>\n<p>&nbsp;<\/p>\n<p>&nbsp;<\/p>\n","protected":false},"excerpt":{"rendered":"<p>Le 28 novembre 1964, \u00e0 l&rsquo;occasion de la promulgation de la constitution dogmatique Lumen Gentium, Paul VI a proclam\u00e9 Marie \u00ab\u00a0M\u00e8re de l&rsquo;Eglise\u00a0\u00bb, sans exprimer en cela la position unanime des P\u00e8res r\u00e9unis en concile. Nombreux \u00e9taient les \u00e9v\u00eaques qui souhaitaient un texte particulier consacr\u00e9 \u00e0 Marie ; avec le risque de faire d&rsquo;elle une [&hellip;]<\/p>\n","protected":false},"author":2,"featured_media":0,"comment_status":"closed","ping_status":"closed","sticky":false,"template":"","format":"standard","meta":{"footnotes":""},"categories":[2,13,28],"tags":[336,520,636,783],"class_list":["post-11043","post","type-post","status-publish","format-standard","hentry","category-actualites","category-ecritures","category-saints-et-saintes","tag-eglise","tag-je-vous-salue","tag-marie","tag-paul-6"],"_links":{"self":[{"href":"https:\/\/www.associationdemarie.org\/blog\/wp-json\/wp\/v2\/posts\/11043","targetHints":{"allow":["GET"]}}],"collection":[{"href":"https:\/\/www.associationdemarie.org\/blog\/wp-json\/wp\/v2\/posts"}],"about":[{"href":"https:\/\/www.associationdemarie.org\/blog\/wp-json\/wp\/v2\/types\/post"}],"author":[{"embeddable":true,"href":"https:\/\/www.associationdemarie.org\/blog\/wp-json\/wp\/v2\/users\/2"}],"replies":[{"embeddable":true,"href":"https:\/\/www.associationdemarie.org\/blog\/wp-json\/wp\/v2\/comments?post=11043"}],"version-history":[{"count":2,"href":"https:\/\/www.associationdemarie.org\/blog\/wp-json\/wp\/v2\/posts\/11043\/revisions"}],"predecessor-version":[{"id":11046,"href":"https:\/\/www.associationdemarie.org\/blog\/wp-json\/wp\/v2\/posts\/11043\/revisions\/11046"}],"wp:attachment":[{"href":"https:\/\/www.associationdemarie.org\/blog\/wp-json\/wp\/v2\/media?parent=11043"}],"wp:term":[{"taxonomy":"category","embeddable":true,"href":"https:\/\/www.associationdemarie.org\/blog\/wp-json\/wp\/v2\/categories?post=11043"},{"taxonomy":"post_tag","embeddable":true,"href":"https:\/\/www.associationdemarie.org\/blog\/wp-json\/wp\/v2\/tags?post=11043"}],"curies":[{"name":"wp","href":"https:\/\/api.w.org\/{rel}","templated":true}]}}