{"id":11010,"date":"2015-04-15T01:30:00","date_gmt":"2015-04-15T00:30:00","guid":{"rendered":"http:\/\/www.associationdemarie.org\/blog\/?p=11010"},"modified":"2015-04-01T07:40:39","modified_gmt":"2015-04-01T06:40:39","slug":"evangile-de-jesus-christ-selon-saint-jean-316-21","status":"publish","type":"post","link":"https:\/\/www.associationdemarie.org\/blog\/evangile-de-jesus-christ-selon-saint-jean-316-21\/","title":{"rendered":"\u00c9vangile de J\u00e9sus Christ selon saint Jean 3,16-21."},"content":{"rendered":"<p><em>En ce temps-l\u00e0, J\u00e9sus disait \u00e0 Nicod\u00e8me : \u00ab Dieu a tellement aim\u00e9 le monde qu\u2019il a donn\u00e9 son Fils unique, afin que quiconque croit en lui ne se perde pas, mais obtienne la vie \u00e9ternelle. <\/em><br \/>\n<em>Car Dieu a envoy\u00e9 son Fils dans le monde, non pas pour juger le monde, mais pour que, par lui, le monde soit sauv\u00e9. <\/em><br \/>\n<em>Celui qui croit en lui \u00e9chappe au Jugement ; celui qui ne croit pas est d\u00e9j\u00e0 jug\u00e9, du fait qu\u2019il n\u2019a pas cru au nom du Fils unique de Dieu. <\/em><br \/>\n<em>Et le Jugement, le voici : la lumi\u00e8re est venue dans le monde, et les hommes ont pr\u00e9f\u00e9r\u00e9 les t\u00e9n\u00e8bres \u00e0 la lumi\u00e8re, parce que leurs \u0153uvres \u00e9taient mauvaises. <\/em><br \/>\n<em>Celui qui fait le mal d\u00e9teste la lumi\u00e8re : il ne vient pas \u00e0 la lumi\u00e8re, de peur que ses \u0153uvres ne soient d\u00e9nonc\u00e9es ; <\/em><br \/>\n<em>mais celui qui fait la v\u00e9rit\u00e9 vient \u00e0 la lumi\u00e8re, pour qu\u2019il soit manifeste que ses \u0153uvres ont \u00e9t\u00e9 accomplies en union avec Dieu. \u00bb <\/em><\/p>\n<p><a href=\"https:\/\/www.associationdemarie.org\/blog\/wp-content\/uploads\/2015\/04\/18-octobre-empty-tomb.jpg\"><img loading=\"lazy\" decoding=\"async\" class=\"aligncenter  wp-image-11011\" src=\"https:\/\/www.associationdemarie.org\/blog\/wp-content\/uploads\/2015\/04\/18-octobre-empty-tomb.jpg\" alt=\"18-octobre-empty-tomb\" width=\"463\" height=\"347\" srcset=\"https:\/\/www.associationdemarie.org\/blog\/wp-content\/uploads\/2015\/04\/18-octobre-empty-tomb.jpg 500w, https:\/\/www.associationdemarie.org\/blog\/wp-content\/uploads\/2015\/04\/18-octobre-empty-tomb-300x225.jpg 300w\" sizes=\"auto, (max-width: 463px) 100vw, 463px\" \/><\/a><\/p>\n<p>\u00c0 l&rsquo;instant o\u00f9 nous sommes baptis\u00e9s, nous sommes illumin\u00e9s ; illumin\u00e9s, nous devenons fils ; devenus fils, nous sommes rendus parfaits ; et rendus parfaits, nous recevons l&rsquo;immortalit\u00e9. \u00ab Je le dis, parole du Seigneur, vous \u00eates tous dieux et fils du Tr\u00e8s-Haut ! \u00bb (Ps 81,6 ; cf Jn 10,34)<\/p>\n<p>\u00c0 cette action du bapt\u00eame, on donne divers noms : on l&rsquo;appelle gr\u00e2ce, illumination, bain, parach\u00e8vement. Bain, puisque nous y sommes purifi\u00e9s de nos fautes ; gr\u00e2ce, puisque le ch\u00e2timent d\u00fb pour nos p\u00e9ch\u00e9s est lev\u00e9 ; illumination, puisque nous contemplons la sainte lumi\u00e8re de notre salut en laquelle nous p\u00e9n\u00e9trons du regard les choses divines ; parach\u00e8vement, puisque rien ne manque. Que manquerait-il, en effet, \u00e0 celui qui a connu Dieu ? Et comment pourrait-on appeler \u00ab gr\u00e2ce de Dieu \u00bb quelque chose qui ne serait pas parfait ? Car, \u00e9tant lui-m\u00eame parfait, Dieu ne saurait donner que des choses parfaites&#8230;<\/p>\n<p>\u00c0 peine donc quelqu&rsquo;un est-il r\u00e9g\u00e9n\u00e9r\u00e9 que, comme son nom l&rsquo;indique, il a \u00e9t\u00e9 \u00ab illumin\u00e9 \u00bb : le voil\u00e0 lib\u00e9r\u00e9 des t\u00e9n\u00e8bres et, du m\u00eame coup, gratifi\u00e9 de la lumi\u00e8re&#8230; Nous sommes d\u00e9barrass\u00e9s de nos p\u00e9ch\u00e9s, qui, comme un nuage, couvraient l&rsquo;Esprit divin, et voil\u00e0 l&rsquo;\u0153il de notre esprit lib\u00e9r\u00e9, d\u00e9couvert, lumineux, cet \u0153il qui seul nous fait contempler les choses divines.<\/p>\n<p>Saint Cl\u00e9ment d&rsquo;Alexandrie (150-v. 215), th\u00e9ologien<br \/>\nLe P\u00e9dagogue, 1,6 (trad. Br\u00e9sard 2000 ans B )<\/p>\n<p>&nbsp;<\/p>\n<p>&nbsp;<\/p>\n","protected":false},"excerpt":{"rendered":"<p>En ce temps-l\u00e0, J\u00e9sus disait \u00e0 Nicod\u00e8me : \u00ab Dieu a tellement aim\u00e9 le monde qu\u2019il a donn\u00e9 son Fils unique, afin que quiconque croit en lui ne se perde pas, mais obtienne la vie \u00e9ternelle. Car Dieu a envoy\u00e9 son Fils dans le monde, non pas pour juger le monde, mais pour que, par [&hellip;]<\/p>\n","protected":false},"author":2,"featured_media":0,"comment_status":"closed","ping_status":"closed","sticky":false,"template":"","format":"standard","meta":{"footnotes":""},"categories":[3,13,1261,28],"tags":[131,295,389,536,600,1021,1041],"class_list":["post-11010","post","type-post","status-publish","format-standard","hentry","category-liturgique","category-ecritures","category-enseignement-2","category-saints-et-saintes","tag-bapteme","tag-dieu","tag-evangile","tag-jesus-christ","tag-lumiere","tag-st-clement","tag-st-jean"],"_links":{"self":[{"href":"https:\/\/www.associationdemarie.org\/blog\/wp-json\/wp\/v2\/posts\/11010","targetHints":{"allow":["GET"]}}],"collection":[{"href":"https:\/\/www.associationdemarie.org\/blog\/wp-json\/wp\/v2\/posts"}],"about":[{"href":"https:\/\/www.associationdemarie.org\/blog\/wp-json\/wp\/v2\/types\/post"}],"author":[{"embeddable":true,"href":"https:\/\/www.associationdemarie.org\/blog\/wp-json\/wp\/v2\/users\/2"}],"replies":[{"embeddable":true,"href":"https:\/\/www.associationdemarie.org\/blog\/wp-json\/wp\/v2\/comments?post=11010"}],"version-history":[{"count":3,"href":"https:\/\/www.associationdemarie.org\/blog\/wp-json\/wp\/v2\/posts\/11010\/revisions"}],"predecessor-version":[{"id":11014,"href":"https:\/\/www.associationdemarie.org\/blog\/wp-json\/wp\/v2\/posts\/11010\/revisions\/11014"}],"wp:attachment":[{"href":"https:\/\/www.associationdemarie.org\/blog\/wp-json\/wp\/v2\/media?parent=11010"}],"wp:term":[{"taxonomy":"category","embeddable":true,"href":"https:\/\/www.associationdemarie.org\/blog\/wp-json\/wp\/v2\/categories?post=11010"},{"taxonomy":"post_tag","embeddable":true,"href":"https:\/\/www.associationdemarie.org\/blog\/wp-json\/wp\/v2\/tags?post=11010"}],"curies":[{"name":"wp","href":"https:\/\/api.w.org\/{rel}","templated":true}]}}