{"id":11001,"date":"2015-04-14T01:23:17","date_gmt":"2015-04-14T00:23:17","guid":{"rendered":"http:\/\/www.associationdemarie.org\/blog\/?p=11001"},"modified":"2015-03-30T18:32:36","modified_gmt":"2015-03-30T17:32:36","slug":"pelerinage-a-lourdes-2","status":"publish","type":"post","link":"https:\/\/www.associationdemarie.org\/blog\/pelerinage-a-lourdes-2\/","title":{"rendered":"P\u00e8lerinage \u00e0 Lourdes"},"content":{"rendered":"<p><strong>Du 21 au 23 avril, l&rsquo;association organise son grand p\u00e8lerinage \u00e0 Lourdes.\u00a0Des places sont encore disponibles.<\/strong><\/p>\n<p>Un p\u00e8lerinage est comme une longue pri\u00e8re effectu\u00e9e par le corps. C&rsquo;est un temps que l&rsquo;on se donne pour se mettre en plus grande disponibilit\u00e9 int\u00e9rieure, pr\u00eat \u00e0 la rencontre : de soi-m\u00eame, des autres, en esp\u00e9rant de tout son \u00eatre celle de Dieu.<\/p>\n<p><a href=\"https:\/\/www.associationdemarie.org\/blog\/wp-content\/uploads\/2015\/03\/cid_A0ABDCD5-0E18-4B61-8C29-28DEE04F6CC2.jpg\"><img loading=\"lazy\" decoding=\"async\" class=\"alignleft  wp-image-11002\" src=\"https:\/\/www.associationdemarie.org\/blog\/wp-content\/uploads\/2015\/03\/cid_A0ABDCD5-0E18-4B61-8C29-28DEE04F6CC2.jpg\" alt=\"!cid_A0ABDCD5-0E18-4B61-8C29-28DEE04F6CC2\" width=\"150\" height=\"225\" srcset=\"https:\/\/www.associationdemarie.org\/blog\/wp-content\/uploads\/2015\/03\/cid_A0ABDCD5-0E18-4B61-8C29-28DEE04F6CC2.jpg 240w, https:\/\/www.associationdemarie.org\/blog\/wp-content\/uploads\/2015\/03\/cid_A0ABDCD5-0E18-4B61-8C29-28DEE04F6CC2-200x300.jpg 200w\" sizes=\"auto, (max-width: 150px) 100vw, 150px\" \/><\/a>Un p\u00e8lerinage, c\u2019est la foi par les pieds. Si souvent, nous pensons avoir la foi dans la t\u00eate ! Le p\u00e8lerinage nous rappelle qu\u2019elle est appel\u00e9e \u00e0 prendre toute notre vie, \u00e0 se d\u00e9ployer dans le temps, dans les silences, dans les rencontres, m\u00eame les plus simples.<br \/>\nPas \u00e9tonnant, car le p\u00e8lerin est disponible. Il a quitt\u00e9 son lieu de vie, son rythme quotidien, ses habitudes. Le p\u00e8lerin prend Dieu seul pour boussole, s\u00fbr qu\u2019il lui parlera au c\u0153ur, dans le silence, dans la marche, dans les rencontres, dans l\u2019inattendu qui souvent le surprend et l\u2019\u00e9tonne, le fait rena\u00eetre. (&#8230;)<br \/>\nLe p\u00e8lerin pose les gestes de la foi par les yeux, les oreilles et le c\u0153ur. A Lourdes, il s\u2019attarde longuement en silence devant la Grotte, pose la main sur le rocher, sachant que le Seigneur lui-m\u00eame est son rocher. [Il] se confie \u00e0 la Vierge, mais elle lui indique le chemin de son Fils. Et c\u2019est le Seigneur qu\u2019il rencontre, comme un jour en chemin les deux disciples d\u2019Emma\u00fcs (Luc 24).<br \/>\nLe p\u00e8lerinage nourrit notre foi, en des lieux o\u00f9 tant d\u2019autres sont venus puiser et faire cette indicible exp\u00e9rience. Quand on devient p\u00e8lerin, on le demeure peut-\u00eatre pour toujours.<\/p>\n<p><a href=\"https:\/\/www.associationdemarie.org\/blog\/wp-content\/uploads\/2015\/03\/Source-Lourdes.jpg\"><img loading=\"lazy\" decoding=\"async\" class=\"alignright  wp-image-11003\" src=\"https:\/\/www.associationdemarie.org\/blog\/wp-content\/uploads\/2015\/03\/Source-Lourdes.jpg\" alt=\"Source Lourdes\" width=\"180\" height=\"240\" srcset=\"https:\/\/www.associationdemarie.org\/blog\/wp-content\/uploads\/2015\/03\/Source-Lourdes.jpg 576w, https:\/\/www.associationdemarie.org\/blog\/wp-content\/uploads\/2015\/03\/Source-Lourdes-225x300.jpg 225w\" sizes=\"auto, (max-width: 180px) 100vw, 180px\" \/><\/a>L&rsquo;eau, qui s&rsquo;\u00e9coule, triangle pointe en bas, est connect\u00e9e \u00e0 Gabriel, messager de Dieu qui apporte la parole divine ici-bas.<br \/>\nAu pied du rocher coule la source qui surgit lorsque Bernadette creusa la terre boueuse et en but,\u00a0en ce lieu de Lourdes, \u00ab o\u00f9 la conscience redevient limpide \u00bb, selon le mot magnifique de Jean-Paul II. Le chant discret de cette source habite peu \u00e0 peu le p\u00e8lerin, qui va alors boire aux fontaines, toutes proches, o\u00f9 coule cette eau. Il s\u2019en passe doucement sur le visage, sur les bras\u2026 La fra\u00eecheur de cette eau trace en lui le chemin de la fra\u00eecheur int\u00e9rieure, et avive le chant en lui d\u2019une autre source, celle du bapt\u00eame o\u00f9 lui fut donn\u00e9 son nom. En ces gestes il accueille le ciel. Plusieurs vont se plonger dans cette eau, dans les \u00ab piscines \u00bb voisines, ces cuves de pierre dans lesquelles on se plonge simplement, le temps d\u2019une pri\u00e8re. Qui sait le secret de cette eau qui touche les corps et les c\u0153urs, au moment o\u00f9 avec d\u00e9licatesse plusieurs autour accompagnent ces gestes de la pri\u00e8re ?<\/p>\n<p><a href=\"https:\/\/www.associationdemarie.org\/blog\/wp-content\/uploads\/2015\/03\/Cierge-Lourdes.jpg\"><img loading=\"lazy\" decoding=\"async\" class=\"  wp-image-11004 alignleft\" src=\"https:\/\/www.associationdemarie.org\/blog\/wp-content\/uploads\/2015\/03\/Cierge-Lourdes.jpg\" alt=\"Cierge Lourdes\" width=\"181\" height=\"243\" srcset=\"https:\/\/www.associationdemarie.org\/blog\/wp-content\/uploads\/2015\/03\/Cierge-Lourdes.jpg 1148w, https:\/\/www.associationdemarie.org\/blog\/wp-content\/uploads\/2015\/03\/Cierge-Lourdes-223x300.jpg 223w, https:\/\/www.associationdemarie.org\/blog\/wp-content\/uploads\/2015\/03\/Cierge-Lourdes-762x1024.jpg 762w\" sizes=\"auto, (max-width: 181px) 100vw, 181px\" \/><\/a>(&#8230;) Aupr\u00e8s de la Grotte il allume un cierge, qui prolongera sa pri\u00e8re. (&#8230;) Le chant lui vient alors sur les l\u00e8vres. Le p\u00e8lerin chante sa foi. Sa voix est libre, comme son c\u0153ur. La lumi\u00e8re de milliers de cierges qui br\u00fblent, de jour et de nuit, poursuit la pri\u00e8re du p\u00e8lerin. Il la contemple. Elle porte le poids souvent immense des intentions de tant de gens, travers\u00e9 par la lumi\u00e8re du Christ.<\/p>\n<p>Le chapelet est la pri\u00e8re du pauvre. Il a \u00e9t\u00e9 la pri\u00e8re de Bernadette. Tout juste quelques mots que l\u2019on r\u00e9p\u00e8te \u00e0 l\u2019infini, et qui vont de la salutation de l\u2019ange \u00e0 Marie \u00e0 l\u2019\u00e9vocation des p\u00e9cheurs que nous sommes, et \u00e0 la confiance plac\u00e9e en la m\u00e8re de Dieu pour ce temps et pour l\u2019heure de la mort. Le p\u00e8lerin murmure ces mots comme on \u00e9gr\u00e8ne la vie, comme on se confie \u00e0 Dieu, comme on lui confie les siens et la terre enti\u00e8re. A des mots partag\u00e9s sur place ou ensuite, et toujours d\u2019une extr\u00eame simplicit\u00e9, on pressent l\u2019exp\u00e9rience unique qui bouleverse ici, pour toujours, des existences, tra\u00e7ant d\u00e9sormais un avant et un apr\u00e8s.<br \/>\n(&#8230;)Car ce qui est v\u00e9cu ici, est en fait ce que chacun est appel\u00e9 \u00e0 vivre aussi chaque jour. Lourdes, c\u2019est l\u2019Evangile, dans une douce et magnifique clart\u00e9. (&#8230;) Et l\u2019on peut aussi \u00eatre p\u00e8lerin par le c\u0153ur. Et ils sont nombreux, par le monde, les p\u00e8lerins de Lourdes. La lumi\u00e8re des cierges dans la nuit, aupr\u00e8s de la Grotte, veille sur eux et porte leur pri\u00e8re, de jour et de nuit.<\/p>\n<p>P. Jacques Nieuviarts, assomptionniste<br \/>\n\u00ab\u00a0Lourdes et ses p\u00e8lerins\u00a0\u00bb (extraits)<br \/>\nforums.pelerin.info<\/p>\n<p>&nbsp;<\/p>\n<p>&nbsp;<\/p>\n","protected":false},"excerpt":{"rendered":"<p>Du 21 au 23 avril, l&rsquo;association organise son grand p\u00e8lerinage \u00e0 Lourdes.\u00a0Des places sont encore disponibles. Un p\u00e8lerinage est comme une longue pri\u00e8re effectu\u00e9e par le corps. C&rsquo;est un temps que l&rsquo;on se donne pour se mettre en plus grande disponibilit\u00e9 int\u00e9rieure, pr\u00eat \u00e0 la rencontre : de soi-m\u00eame, des autres, en esp\u00e9rant de tout [&hellip;]<\/p>\n","protected":false},"author":2,"featured_media":0,"comment_status":"closed","ping_status":"closed","sticky":false,"template":"","format":"standard","meta":{"footnotes":""},"categories":[2,25],"tags":[38,598,640,1387],"class_list":["post-11001","post","type-post","status-publish","format-standard","hentry","category-actualites","category-pelerinage","tag-action-de-grace","tag-lourdes","tag-marie-mere-des-hommes","tag-pelerinage"],"_links":{"self":[{"href":"https:\/\/www.associationdemarie.org\/blog\/wp-json\/wp\/v2\/posts\/11001","targetHints":{"allow":["GET"]}}],"collection":[{"href":"https:\/\/www.associationdemarie.org\/blog\/wp-json\/wp\/v2\/posts"}],"about":[{"href":"https:\/\/www.associationdemarie.org\/blog\/wp-json\/wp\/v2\/types\/post"}],"author":[{"embeddable":true,"href":"https:\/\/www.associationdemarie.org\/blog\/wp-json\/wp\/v2\/users\/2"}],"replies":[{"embeddable":true,"href":"https:\/\/www.associationdemarie.org\/blog\/wp-json\/wp\/v2\/comments?post=11001"}],"version-history":[{"count":1,"href":"https:\/\/www.associationdemarie.org\/blog\/wp-json\/wp\/v2\/posts\/11001\/revisions"}],"predecessor-version":[{"id":11005,"href":"https:\/\/www.associationdemarie.org\/blog\/wp-json\/wp\/v2\/posts\/11001\/revisions\/11005"}],"wp:attachment":[{"href":"https:\/\/www.associationdemarie.org\/blog\/wp-json\/wp\/v2\/media?parent=11001"}],"wp:term":[{"taxonomy":"category","embeddable":true,"href":"https:\/\/www.associationdemarie.org\/blog\/wp-json\/wp\/v2\/categories?post=11001"},{"taxonomy":"post_tag","embeddable":true,"href":"https:\/\/www.associationdemarie.org\/blog\/wp-json\/wp\/v2\/tags?post=11001"}],"curies":[{"name":"wp","href":"https:\/\/api.w.org\/{rel}","templated":true}]}}