{"id":10983,"date":"2015-04-10T01:58:36","date_gmt":"2015-04-10T00:58:36","guid":{"rendered":"http:\/\/www.associationdemarie.org\/blog\/?p=10983"},"modified":"2015-03-25T16:02:27","modified_gmt":"2015-03-25T15:02:27","slug":"vendredi-de-paques","status":"publish","type":"post","link":"https:\/\/www.associationdemarie.org\/blog\/vendredi-de-paques\/","title":{"rendered":"Vendredi de P\u00e2ques"},"content":{"rendered":"<p>Les pri\u00e8res<\/p>\n<p>Les gr\u00e2ces que nous demandons dans les pri\u00e8res seront de garder ou de faire fructifier le don si pr\u00e9cieux de la foi (jeudi) dans la fid\u00e9lit\u00e9 \u00e0 ce Dieu qui a r\u00e9alis\u00e9 une si belle unit\u00e9 au sein d&rsquo;une communaut\u00e9 aussi diverse, nous a fait passer de la mort \u00e0 la vie (mardi), rev\u00eatus d&rsquo;immortalit\u00e9, pr\u00eats pour la table des noces (samedi), bref un chemin de joie \u00e9ternelle (mercredi).<br \/>\nLes nouveaux baptis\u00e9s (vendredi) et nous tous qui avons renouvel\u00e9 les promesses baptismales au cours de la vigile pascale, nous voudrons exprimer d\u00e9sormais par toute notre vie le sacrement de P\u00e2ques (lundi).<\/p>\n<p><a href=\"https:\/\/www.associationdemarie.org\/blog\/wp-content\/uploads\/2015\/03\/DUCCIO_di_Buoninsegna_Appearance_on_Lake_Tiberias.jpg\"><img loading=\"lazy\" decoding=\"async\" class=\"aligncenter  wp-image-10984\" src=\"https:\/\/www.associationdemarie.org\/blog\/wp-content\/uploads\/2015\/03\/DUCCIO_di_Buoninsegna_Appearance_on_Lake_Tiberias.jpg\" alt=\"DUCCIO_di_Buoninsegna_Appearance_on_Lake_Tiberias\" width=\"409\" height=\"303\" srcset=\"https:\/\/www.associationdemarie.org\/blog\/wp-content\/uploads\/2015\/03\/DUCCIO_di_Buoninsegna_Appearance_on_Lake_Tiberias.jpg 950w, https:\/\/www.associationdemarie.org\/blog\/wp-content\/uploads\/2015\/03\/DUCCIO_di_Buoninsegna_Appearance_on_Lake_Tiberias-300x223.jpg 300w\" sizes=\"auto, (max-width: 409px) 100vw, 409px\" \/><\/a><\/p>\n<p><strong>Aujourd&rsquo;hui : Vendredi de P\u00e2ques<\/strong><\/p>\n<p>Dans le Livre des Actes des Ap\u00f4tres : comparution de Pierre et Jean au Sanh\u00e9drin<\/p>\n<p>Psaume 118 (117) : \u00e9ternel est son amour !<\/p>\n<p>\u00c9vangile de Jean : apparition au bord du lac<\/p>\n<p>&nbsp;<\/p>\n<p>Sources Vives n\u00b0 91<\/p>\n<p>&nbsp;<\/p>\n","protected":false},"excerpt":{"rendered":"<p>Les pri\u00e8res Les gr\u00e2ces que nous demandons dans les pri\u00e8res seront de garder ou de faire fructifier le don si pr\u00e9cieux de la foi (jeudi) dans la fid\u00e9lit\u00e9 \u00e0 ce Dieu qui a r\u00e9alis\u00e9 une si belle unit\u00e9 au sein d&rsquo;une communaut\u00e9 aussi diverse, nous a fait passer de la mort \u00e0 la vie (mardi), [&hellip;]<\/p>\n","protected":false},"author":2,"featured_media":0,"comment_status":"closed","ping_status":"closed","sticky":false,"template":"","format":"standard","meta":{"footnotes":""},"categories":[3,4,13,26,27],"tags":[84,763,830],"class_list":["post-10983","post","type-post","status-publish","format-standard","hentry","category-liturgique","category-iconographie","category-ecritures","category-priere-des-ames","category-prieres","tag-apotres","tag-paques","tag-priere"],"_links":{"self":[{"href":"https:\/\/www.associationdemarie.org\/blog\/wp-json\/wp\/v2\/posts\/10983","targetHints":{"allow":["GET"]}}],"collection":[{"href":"https:\/\/www.associationdemarie.org\/blog\/wp-json\/wp\/v2\/posts"}],"about":[{"href":"https:\/\/www.associationdemarie.org\/blog\/wp-json\/wp\/v2\/types\/post"}],"author":[{"embeddable":true,"href":"https:\/\/www.associationdemarie.org\/blog\/wp-json\/wp\/v2\/users\/2"}],"replies":[{"embeddable":true,"href":"https:\/\/www.associationdemarie.org\/blog\/wp-json\/wp\/v2\/comments?post=10983"}],"version-history":[{"count":4,"href":"https:\/\/www.associationdemarie.org\/blog\/wp-json\/wp\/v2\/posts\/10983\/revisions"}],"predecessor-version":[{"id":10988,"href":"https:\/\/www.associationdemarie.org\/blog\/wp-json\/wp\/v2\/posts\/10983\/revisions\/10988"}],"wp:attachment":[{"href":"https:\/\/www.associationdemarie.org\/blog\/wp-json\/wp\/v2\/media?parent=10983"}],"wp:term":[{"taxonomy":"category","embeddable":true,"href":"https:\/\/www.associationdemarie.org\/blog\/wp-json\/wp\/v2\/categories?post=10983"},{"taxonomy":"post_tag","embeddable":true,"href":"https:\/\/www.associationdemarie.org\/blog\/wp-json\/wp\/v2\/tags?post=10983"}],"curies":[{"name":"wp","href":"https:\/\/api.w.org\/{rel}","templated":true}]}}