{"id":10975,"date":"2015-04-09T01:11:02","date_gmt":"2015-04-09T00:11:02","guid":{"rendered":"http:\/\/www.associationdemarie.org\/blog\/?p=10975"},"modified":"2015-03-25T10:13:12","modified_gmt":"2015-03-25T09:13:12","slug":"jeudi-de-paques","status":"publish","type":"post","link":"https:\/\/www.associationdemarie.org\/blog\/jeudi-de-paques\/","title":{"rendered":"Jeudi de P\u00e2ques"},"content":{"rendered":"<p>Les \u00e9vangiles<\/p>\n<p>Ils sont tir\u00e9s des quatre \u00e9vangiles et pr\u00e9sentent une vue globale des principales apparitions. Il serait aventureux de parler ici de chronologie, tant ce terme para\u00eet sujet \u00e0 caution, cependant l&rsquo;ordre des p\u00e9ricopes de Luc et Jean a \u00e9t\u00e9 suivi.<br \/>\nL&rsquo;\u00e9vangile du dimanche de la R\u00e9surrection avait mis en relief l&rsquo;initiative de Marie-Madeleine, la premi\u00e8re \u00e0 se rendre au tombeau, \u00ab le premier jour de la semaine, de grand matin, alors qu&rsquo;il fait encore sombre \u00bb (Jean 20, 1-9).<br \/>\nDans cette continuit\u00e9, le lundi de l&rsquo;octave fera tout naturellement place \u00e0 l&rsquo;apparition de J\u00e9sus aux saintes femmes, qui sont, comme Marie-Madeleine, \u00ab ap\u00f4tres des ap\u00f4tres \u00bb et, comme celle-ci, s&rsquo;approchent de J\u00e9sus et \u00ab lui saisissent les pieds \u00bb, et portent la nouvelle aux disciples. Cependant il fallait souligner l&rsquo;apparition toute particuli\u00e8re \u00e0 Marie-Madeleine, celle qui montra tellement d&rsquo;amour, dans un dialogue tr\u00e8s personnel avec le ma\u00eetre, son \u00ab Rabbouni \u00bb. Alors l&rsquo;appellation par J\u00e9sus de \u00ab Femme \u00bb ne sera pas pour nous surprendre : elle en fait une figure embl\u00e9matique de tout disciple qui aime : nous en \u00e9coutons le r\u00e9cit le mardi en Jean 20, 11-19.<br \/>\nLe r\u00e9cit des apparitions se poursuit en Luc 24, 13-35 (mercredi) et 24, 35-48 (jeudi) par la longue marche \u00ab accompagn\u00e9e \u00bb, d&rsquo;abord d\u00e9sabus\u00e9e, puis illumin\u00e9e soudain, au terme, des p\u00e8lerins d&rsquo;Emma\u00fcs. Comme il serait bon, pour nous aussi, de nous laisser ouvrir l&rsquo;intelligence aux \u00c9critures et s&#8217;embraser le c\u0153ur pour enfin le reconna\u00eetre encore et encore, en chaque eucharistie, \u00e0 la fraction du pain!<br \/>\nVendredi, avec Jean 21, 1-14, sur les bords du lac de Tib\u00e9riade, \u00ab le filet plein de gros poissons \u00bb et le repas tout pr\u00e9par\u00e9 par J\u00e9sus, nous r\u00e9pondrons \u00e0 l&rsquo;invitation : \u00ab Venez d\u00e9jeuner \u00bb. Aurons-nous encore besoin de poser la question : \u00ab Qui es-tu ? \u00bb, nous savons que c&rsquo;est le Seigneur.<br \/>\nL&rsquo;\u00e9vangile de Marc 16, 9-15 (samedi) cl\u00f4t cette semaine en pr\u00e9sentant une synth\u00e8se des apparitions.<\/p>\n<p><a href=\"https:\/\/www.associationdemarie.org\/blog\/wp-content\/uploads\/2015\/03\/DUCCIO_di_Buoninsegna_Appearance_Behind_Locked_Doors.jpg\"><img loading=\"lazy\" decoding=\"async\" class=\"aligncenter  wp-image-10976\" src=\"https:\/\/www.associationdemarie.org\/blog\/wp-content\/uploads\/2015\/03\/DUCCIO_di_Buoninsegna_Appearance_Behind_Locked_Doors.jpg\" alt=\"DUCCIO_di_Buoninsegna_Appearance_Behind_Locked_Doors\" width=\"441\" height=\"326\" srcset=\"https:\/\/www.associationdemarie.org\/blog\/wp-content\/uploads\/2015\/03\/DUCCIO_di_Buoninsegna_Appearance_Behind_Locked_Doors.jpg 920w, https:\/\/www.associationdemarie.org\/blog\/wp-content\/uploads\/2015\/03\/DUCCIO_di_Buoninsegna_Appearance_Behind_Locked_Doors-300x221.jpg 300w\" sizes=\"auto, (max-width: 441px) 100vw, 441px\" \/><\/a><\/p>\n<p><strong>Aujourd&rsquo;hui : Jeudi de P\u00e2ques<\/strong><\/p>\n<p>Dans le Livre des Actes des Ap\u00f4tres : discours de Pierre ; conversion<\/p>\n<p>Psaume 8 : J\u00e9sus couronn\u00e9 de gloire<\/p>\n<p>\u00c9vangile de Luc : apparition aux ap\u00f4tres<\/p>\n<p>&nbsp;<\/p>\n<p>Sources Vives n\u00b0 91<\/p>\n<p>&nbsp;<\/p>\n<p>&nbsp;<\/p>\n<p>&nbsp;<\/p>\n","protected":false},"excerpt":{"rendered":"<p>Les \u00e9vangiles Ils sont tir\u00e9s des quatre \u00e9vangiles et pr\u00e9sentent une vue globale des principales apparitions. Il serait aventureux de parler ici de chronologie, tant ce terme para\u00eet sujet \u00e0 caution, cependant l&rsquo;ordre des p\u00e9ricopes de Luc et Jean a \u00e9t\u00e9 suivi. L&rsquo;\u00e9vangile du dimanche de la R\u00e9surrection avait mis en relief l&rsquo;initiative de Marie-Madeleine, [&hellip;]<\/p>\n","protected":false},"author":2,"featured_media":0,"comment_status":"closed","ping_status":"closed","sticky":false,"template":"","format":"standard","meta":{"footnotes":""},"categories":[3,4,13],"tags":[1382,389,425,763],"class_list":["post-10975","post","type-post","status-publish","format-standard","hentry","category-liturgique","category-iconographie","category-ecritures","tag-ecritures","tag-evangile","tag-foi","tag-paques"],"_links":{"self":[{"href":"https:\/\/www.associationdemarie.org\/blog\/wp-json\/wp\/v2\/posts\/10975","targetHints":{"allow":["GET"]}}],"collection":[{"href":"https:\/\/www.associationdemarie.org\/blog\/wp-json\/wp\/v2\/posts"}],"about":[{"href":"https:\/\/www.associationdemarie.org\/blog\/wp-json\/wp\/v2\/types\/post"}],"author":[{"embeddable":true,"href":"https:\/\/www.associationdemarie.org\/blog\/wp-json\/wp\/v2\/users\/2"}],"replies":[{"embeddable":true,"href":"https:\/\/www.associationdemarie.org\/blog\/wp-json\/wp\/v2\/comments?post=10975"}],"version-history":[{"count":2,"href":"https:\/\/www.associationdemarie.org\/blog\/wp-json\/wp\/v2\/posts\/10975\/revisions"}],"predecessor-version":[{"id":10978,"href":"https:\/\/www.associationdemarie.org\/blog\/wp-json\/wp\/v2\/posts\/10975\/revisions\/10978"}],"wp:attachment":[{"href":"https:\/\/www.associationdemarie.org\/blog\/wp-json\/wp\/v2\/media?parent=10975"}],"wp:term":[{"taxonomy":"category","embeddable":true,"href":"https:\/\/www.associationdemarie.org\/blog\/wp-json\/wp\/v2\/categories?post=10975"},{"taxonomy":"post_tag","embeddable":true,"href":"https:\/\/www.associationdemarie.org\/blog\/wp-json\/wp\/v2\/tags?post=10975"}],"curies":[{"name":"wp","href":"https:\/\/api.w.org\/{rel}","templated":true}]}}