{"id":10971,"date":"2015-04-08T01:56:55","date_gmt":"2015-04-08T00:56:55","guid":{"rendered":"http:\/\/www.associationdemarie.org\/blog\/?p=10971"},"modified":"2015-03-25T08:02:10","modified_gmt":"2015-03-25T07:02:10","slug":"mercredi-de-paques","status":"publish","type":"post","link":"https:\/\/www.associationdemarie.org\/blog\/mercredi-de-paques\/","title":{"rendered":"Mercredi de P\u00e2ques"},"content":{"rendered":"<p>La m\u00e9ditation des psaumes<\/p>\n<p>Le psaume responsorial devient une orchestration puissante des th\u00e8mes sous-jacents \u00e0 cette histoire du salut que r\u00e9sumait \u00e0 grands traits l&rsquo;ap\u00f4tre en ses discours inspir\u00e9s. Nous les chantons et prions comme des proph\u00e9ties de la r\u00e9surrection : on mesure alors la fid\u00e9lit\u00e9 du Seigneur au long des \u00e2ges (Ps 32\/33, mardi), le souvenir de son alliance (Ps 104\/105, mercredi), l&rsquo;exaltation du Christ apr\u00e8s son humiliation, car \u00ab la pierre rejet\u00e9e des b\u00e2tisseurs est devenue pierre d&rsquo;angle \u00bb (Ps 117\/118, vendredi) et le bras du Seigneur est fort (Ps 117\/118, samedi), l&rsquo;\u00e9l\u00e9vation de l&rsquo;homme uni au Christ ressuscit\u00e9 (Ps 8, jeudi) ; nous sommes aussi invit\u00e9s \u00e0 int\u00e9rioriser et \u00e0 partager le bonheur immense de notre Sauveur : il est notre h\u00e9ritage \u00e0 jamais (Ps 15\/16, lundi).<\/p>\n<p><a href=\"https:\/\/www.associationdemarie.org\/blog\/wp-content\/uploads\/2015\/03\/Arcabas_-_Emmaus_le_repas_2_-_Huile_sur_toile_-_86_x_116_cm_-_1983.jpg\"><img loading=\"lazy\" decoding=\"async\" class=\"aligncenter  wp-image-10972\" src=\"https:\/\/www.associationdemarie.org\/blog\/wp-content\/uploads\/2015\/03\/Arcabas_-_Emmaus_le_repas_2_-_Huile_sur_toile_-_86_x_116_cm_-_1983.jpg\" alt=\"Arcabas_-_Emmaus_le_repas_2_-_Huile_sur_toile_-_86_x_116_cm_-_1983\" width=\"462\" height=\"313\" srcset=\"https:\/\/www.associationdemarie.org\/blog\/wp-content\/uploads\/2015\/03\/Arcabas_-_Emmaus_le_repas_2_-_Huile_sur_toile_-_86_x_116_cm_-_1983.jpg 1976w, https:\/\/www.associationdemarie.org\/blog\/wp-content\/uploads\/2015\/03\/Arcabas_-_Emmaus_le_repas_2_-_Huile_sur_toile_-_86_x_116_cm_-_1983-300x203.jpg 300w, https:\/\/www.associationdemarie.org\/blog\/wp-content\/uploads\/2015\/03\/Arcabas_-_Emmaus_le_repas_2_-_Huile_sur_toile_-_86_x_116_cm_-_1983-1024x694.jpg 1024w\" sizes=\"auto, (max-width: 462px) 100vw, 462px\" \/><\/a><\/p>\n<p><strong>Aujourd&rsquo;hui : Mercredi de P\u00e2ques<\/strong><\/p>\n<p>Dans le Livre des Actes des Ap\u00f4tres : gu\u00e9rison du boiteux de la Belle Porte<\/p>\n<p>Psaume 105 (104) : souvenir de l&rsquo;alliance<\/p>\n<p>\u00c9vangile de Luc : apparition aux disciples d&rsquo;Emma\u00fcs<\/p>\n<p>&nbsp;<\/p>\n<p>Sources Vives n\u00b0 91<\/p>\n<p>&nbsp;<\/p>\n<p>&nbsp;<\/p>\n","protected":false},"excerpt":{"rendered":"<p>La m\u00e9ditation des psaumes Le psaume responsorial devient une orchestration puissante des th\u00e8mes sous-jacents \u00e0 cette histoire du salut que r\u00e9sumait \u00e0 grands traits l&rsquo;ap\u00f4tre en ses discours inspir\u00e9s. Nous les chantons et prions comme des proph\u00e9ties de la r\u00e9surrection : on mesure alors la fid\u00e9lit\u00e9 du Seigneur au long des \u00e2ges (Ps 32\/33, mardi), [&hellip;]<\/p>\n","protected":false},"author":2,"featured_media":0,"comment_status":"closed","ping_status":"closed","sticky":false,"template":"","format":"standard","meta":{"footnotes":""},"categories":[3,4,13],"tags":[91,1382,347,763,848],"class_list":["post-10971","post","type-post","status-publish","format-standard","hentry","category-liturgique","category-iconographie","category-ecritures","tag-arcabas","tag-ecritures","tag-emmaus","tag-paques","tag-psaume"],"_links":{"self":[{"href":"https:\/\/www.associationdemarie.org\/blog\/wp-json\/wp\/v2\/posts\/10971","targetHints":{"allow":["GET"]}}],"collection":[{"href":"https:\/\/www.associationdemarie.org\/blog\/wp-json\/wp\/v2\/posts"}],"about":[{"href":"https:\/\/www.associationdemarie.org\/blog\/wp-json\/wp\/v2\/types\/post"}],"author":[{"embeddable":true,"href":"https:\/\/www.associationdemarie.org\/blog\/wp-json\/wp\/v2\/users\/2"}],"replies":[{"embeddable":true,"href":"https:\/\/www.associationdemarie.org\/blog\/wp-json\/wp\/v2\/comments?post=10971"}],"version-history":[{"count":2,"href":"https:\/\/www.associationdemarie.org\/blog\/wp-json\/wp\/v2\/posts\/10971\/revisions"}],"predecessor-version":[{"id":10974,"href":"https:\/\/www.associationdemarie.org\/blog\/wp-json\/wp\/v2\/posts\/10971\/revisions\/10974"}],"wp:attachment":[{"href":"https:\/\/www.associationdemarie.org\/blog\/wp-json\/wp\/v2\/media?parent=10971"}],"wp:term":[{"taxonomy":"category","embeddable":true,"href":"https:\/\/www.associationdemarie.org\/blog\/wp-json\/wp\/v2\/categories?post=10971"},{"taxonomy":"post_tag","embeddable":true,"href":"https:\/\/www.associationdemarie.org\/blog\/wp-json\/wp\/v2\/tags?post=10971"}],"curies":[{"name":"wp","href":"https:\/\/api.w.org\/{rel}","templated":true}]}}