{"id":10949,"date":"2015-04-03T01:36:50","date_gmt":"2015-04-03T00:36:50","guid":{"rendered":"http:\/\/www.associationdemarie.org\/blog\/?p=10949"},"modified":"2015-03-18T16:39:55","modified_gmt":"2015-03-18T15:39:55","slug":"vendredi-saint-celebration-de-la-passion-du-seigneur","status":"publish","type":"post","link":"https:\/\/www.associationdemarie.org\/blog\/vendredi-saint-celebration-de-la-passion-du-seigneur\/","title":{"rendered":"Vendredi saint : C\u00e9l\u00e9bration de la Passion du Seigneur"},"content":{"rendered":"<p><a href=\"https:\/\/www.associationdemarie.org\/blog\/wp-content\/uploads\/2015\/03\/Velazquez_Diego_The_Crucifixion.jpg\"><img loading=\"lazy\" decoding=\"async\" class=\"aligncenter  wp-image-10950\" src=\"https:\/\/www.associationdemarie.org\/blog\/wp-content\/uploads\/2015\/03\/Velazquez_Diego_The_Crucifixion.jpg\" alt=\"Velazquez_Diego_The_Crucifixion\" width=\"344\" height=\"526\" srcset=\"https:\/\/www.associationdemarie.org\/blog\/wp-content\/uploads\/2015\/03\/Velazquez_Diego_The_Crucifixion.jpg 731w, https:\/\/www.associationdemarie.org\/blog\/wp-content\/uploads\/2015\/03\/Velazquez_Diego_The_Crucifixion-196x300.jpg 196w, https:\/\/www.associationdemarie.org\/blog\/wp-content\/uploads\/2015\/03\/Velazquez_Diego_The_Crucifixion-670x1024.jpg 670w\" sizes=\"auto, (max-width: 344px) 100vw, 344px\" \/><\/a><\/p>\n<p><strong>Triduum pascal : Vendredi Saint<\/strong><\/p>\n<p>Extraits de la Cat\u00e9ch\u00e8se du Pape Beno\u00eet XVI<br \/>\n(19 mars 2008)<\/p>\n<p>Chers fr\u00e8res et s\u0153urs,<\/p>\n<p>[&#8230;] Au terme de l&rsquo;itin\u00e9raire quadrag\u00e9simal, nous nous appr\u00eatons nous aussi \u00e0 entrer dans le climat m\u00eame dans lequel J\u00e9sus a v\u00e9cu \u00e0 J\u00e9rusalem. Nous voulons r\u00e9veiller en nous la m\u00e9moire vivante des souffrances que le Seigneur a endur\u00e9es pour nous et nous pr\u00e9parer \u00e0 c\u00e9l\u00e9brer avec joie, dimanche prochain \u00ab la vraie P\u00e2que, que le Sang du Christ a couverte de gloire, la P\u00e2que lors de laquelle l&rsquo;\u00c9glise c\u00e9l\u00e8bre la F\u00eate qui est \u00e0 l&rsquo;origine de toutes les f\u00eates \u00bb, comme dit la pr\u00e9face pour le jour de P\u00e2ques dans le rite de saint Ambroise.<\/p>\n<p>Chers fr\u00e8res et s\u0153urs, en ces jours uniques, orientons r\u00e9solument notre vie vers une adh\u00e9sion g\u00e9n\u00e9reuse et convaincue aux desseins du P\u00e8re c\u00e9leste; renouvelons notre \u201coui\u201d \u00e0 la volont\u00e9 divine comme l&rsquo;a fait J\u00e9sus avec le sacrifice de la croix. Les rites suggestifs du Jeudi Saint, du Vendredi Saint, le silence riche de pri\u00e8re du Samedi Saint et la Veill\u00e9e pascale solennelle nous offrent l&rsquo;opportunit\u00e9 d&rsquo;approfondir le sens et la valeur de notre vocation chr\u00e9tienne qui na\u00eet du Myst\u00e8re pascal et de la concr\u00e9tiser en nous mettant fid\u00e8lement \u00e0 la suite du Christ en toute circonstance, comme Il l&rsquo;a fait, jusqu&rsquo;au don g\u00e9n\u00e9reux de notre vie.<\/p>\n<p>Vendredi Saint est la journ\u00e9e qui fait m\u00e9moire de la passion, de la crucifixion et de la mort de J\u00e9sus. Ce jour-l\u00e0 la liturgie de l&rsquo;\u00c9glise ne pr\u00e9voit pas la c\u00e9l\u00e9bration de la messe, mais l&rsquo;assembl\u00e9e chr\u00e9tienne se recueille pour m\u00e9diter sur le grand myst\u00e8re du mal et du p\u00e9ch\u00e9 qui oppriment l&rsquo;humanit\u00e9, pour parcourir \u00e0 nouveau, \u00e0 la lumi\u00e8re de la Parole de Dieu et avec l&rsquo;aide de gestes liturgiques \u00e9mouvants, les souffrances du Seigneur qui expient ce mal. Apr\u00e8s avoir \u00e9cout\u00e9 le r\u00e9cit de la passion du Christ, la communaut\u00e9 prie pour tous les besoins de l&rsquo;\u00c9glise et du monde, adore la Croix et communie, en consommant les hosties conserv\u00e9es lors de la messe in Cena Domini du jour pr\u00e9c\u00e9dent. Comme invitation suppl\u00e9mentaire pour m\u00e9diter sur la passion et la mort du R\u00e9dempteur et pour exprimer l&rsquo;amour et la participation des fid\u00e8les aux souffrances du Christ, la tradition chr\u00e9tienne a institu\u00e9 diverses manifestations de pi\u00e9t\u00e9 populaire, processions et repr\u00e9sentations sacr\u00e9es, qui visent \u00e0 imprimer toujours plus profond\u00e9ment dans l&rsquo;\u00e2me des fid\u00e8les des sentiments de participation v\u00e9ritable au sacrifice r\u00e9dempteur du Christ.<\/p>\n<p>Parmi elle figure la Via Crucis, exercice de pi\u00e9t\u00e9 qui, au fil des ann\u00e9es, s&rsquo;est enrichi de multiples expressions spirituelles et artistiques li\u00e9es \u00e0 la sensibilit\u00e9 des diverses cultures. Dans de nombreux pays, des sanctuaires portant le nom de Calvaire ont ainsi \u00e9t\u00e9 fond\u00e9s, vers lesquels on monte par un chemin escarp\u00e9 qui rappelle le chemin douloureux de la Passion, pour permettre aux fid\u00e8les de participer \u00e0 l&rsquo;ascension du Seigneur vers le Mont de la Croix, le Mont de l&rsquo;Amour pouss\u00e9 jusqu&rsquo;\u00e0 l&rsquo;extr\u00eame. [&#8230;]<\/p>\n<p>Pour lire la Cat\u00e9ch\u00e8se compl\u00e8te :<br \/>\n&gt;&gt;&gt; Le Triduum pascal<br \/>\nSource principale : vatican.va (\u00ab R\u00e9v. x gpm \u00bb).<\/p>\n","protected":false},"excerpt":{"rendered":"<p>Triduum pascal : Vendredi Saint Extraits de la Cat\u00e9ch\u00e8se du Pape Beno\u00eet XVI (19 mars 2008) Chers fr\u00e8res et s\u0153urs, [&#8230;] Au terme de l&rsquo;itin\u00e9raire quadrag\u00e9simal, nous nous appr\u00eatons nous aussi \u00e0 entrer dans le climat m\u00eame dans lequel J\u00e9sus a v\u00e9cu \u00e0 J\u00e9rusalem. Nous voulons r\u00e9veiller en nous la m\u00e9moire vivante des souffrances que [&hellip;]<\/p>\n","protected":false},"author":2,"featured_media":0,"comment_status":"closed","ping_status":"closed","sticky":false,"template":"","format":"standard","meta":{"footnotes":""},"categories":[3,13,15,16,28],"tags":[142,220,274,777,957,1333,1177],"class_list":["post-10949","post","type-post","status-publish","format-standard","hentry","category-liturgique","category-ecritures","category-histoire","category-jardins-de-la-bible","category-saints-et-saintes","tag-benoit-16","tag-christ","tag-croix","tag-passion","tag-sang-et-eau","tag-triduum-pascal","tag-vendredi-saint"],"_links":{"self":[{"href":"https:\/\/www.associationdemarie.org\/blog\/wp-json\/wp\/v2\/posts\/10949","targetHints":{"allow":["GET"]}}],"collection":[{"href":"https:\/\/www.associationdemarie.org\/blog\/wp-json\/wp\/v2\/posts"}],"about":[{"href":"https:\/\/www.associationdemarie.org\/blog\/wp-json\/wp\/v2\/types\/post"}],"author":[{"embeddable":true,"href":"https:\/\/www.associationdemarie.org\/blog\/wp-json\/wp\/v2\/users\/2"}],"replies":[{"embeddable":true,"href":"https:\/\/www.associationdemarie.org\/blog\/wp-json\/wp\/v2\/comments?post=10949"}],"version-history":[{"count":1,"href":"https:\/\/www.associationdemarie.org\/blog\/wp-json\/wp\/v2\/posts\/10949\/revisions"}],"predecessor-version":[{"id":10951,"href":"https:\/\/www.associationdemarie.org\/blog\/wp-json\/wp\/v2\/posts\/10949\/revisions\/10951"}],"wp:attachment":[{"href":"https:\/\/www.associationdemarie.org\/blog\/wp-json\/wp\/v2\/media?parent=10949"}],"wp:term":[{"taxonomy":"category","embeddable":true,"href":"https:\/\/www.associationdemarie.org\/blog\/wp-json\/wp\/v2\/categories?post=10949"},{"taxonomy":"post_tag","embeddable":true,"href":"https:\/\/www.associationdemarie.org\/blog\/wp-json\/wp\/v2\/tags?post=10949"}],"curies":[{"name":"wp","href":"https:\/\/api.w.org\/{rel}","templated":true}]}}