{"id":10931,"date":"2015-03-31T01:54:48","date_gmt":"2015-03-31T00:54:48","guid":{"rendered":"http:\/\/www.associationdemarie.org\/blog\/?p=10931"},"modified":"2015-03-16T18:58:08","modified_gmt":"2015-03-16T17:58:08","slug":"mardi-saint","status":"publish","type":"post","link":"https:\/\/www.associationdemarie.org\/blog\/mardi-saint\/","title":{"rendered":"Mardi saint"},"content":{"rendered":"<p>Quand vient l&rsquo;heure du Mardi Saint<\/p>\n<p style=\"text-align: center;\"><strong><em>\u00c9coutez-moi, \u00eeles lointaines ! Peuples \u00e9loign\u00e9s, soyez attentifs&#8230; <\/em><\/strong><br \/>\n<strong><em>Le Seigneur a fait de ma bouche une \u00e9p\u00e9e tranchante, <\/em><\/strong><br \/>\n<strong><em>il m&rsquo;a prot\u00e9g\u00e9 par l&rsquo;ombre de sa main&#8230; <\/em><\/strong><br \/>\n<strong><em>Il m&rsquo;a dit : Tu es mon serviteur, en toi je me glorifierai.<\/em><\/strong><\/p>\n<p style=\"text-align: center;\"><a href=\"https:\/\/www.associationdemarie.org\/blog\/wp-content\/uploads\/2015\/03\/Last_Supper_detail2_WGA.jpg\"><img loading=\"lazy\" decoding=\"async\" class=\"aligncenter  wp-image-10932\" src=\"https:\/\/www.associationdemarie.org\/blog\/wp-content\/uploads\/2015\/03\/Last_Supper_detail2_WGA.jpg\" alt=\"Last_Supper_detail2_WGA\" width=\"382\" height=\"460\" srcset=\"https:\/\/www.associationdemarie.org\/blog\/wp-content\/uploads\/2015\/03\/Last_Supper_detail2_WGA.jpg 802w, https:\/\/www.associationdemarie.org\/blog\/wp-content\/uploads\/2015\/03\/Last_Supper_detail2_WGA-249x300.jpg 249w\" sizes=\"auto, (max-width: 382px) 100vw, 382px\" \/><\/a><\/p>\n<p>Depuis des si\u00e8cles d\u00e9j\u00e0, l&rsquo;\u00c9criture annon\u00e7ait la venue myst\u00e9rieuse de ce Serviteur, \u00e0 la fois souffrant et r\u00e9dempteur. Malgr\u00e9 son sentiment de s&rsquo;\u00eatre fatigu\u00e9 pour rien, et d&rsquo;avoir en pure perte us\u00e9 ses forces, le Seigneur maintenait une immense promesse : Je vais faire de toi la lumi\u00e8re des nations pour que mon salut parvienne jusqu&rsquo;aux confins de la terre. Et les si\u00e8cles passaient sans que le peuple de Dieu puisse voir se lever l&rsquo;aube de ce salut tant attendu.<br \/>\nMais un jour J\u00e9sus est enfin apparu. Je suis la lumi\u00e8re du monde ; qui me suit ne marchera pas dans les t\u00e9n\u00e8bres, mais il aura la lumi\u00e8re de la vie (Jean 8,12) on sait qu&rsquo;alors, pour tout une part, les hommes ont mieux aim\u00e9 les t\u00e9n\u00e8bres que la lumi\u00e8re parce que leurs \u0153uvres \u00e9taient mauvaises. (&#8230;)<br \/>\nNous voil\u00e0 donc au c\u0153ur de ce grand combat entre les t\u00e9n\u00e8bres et la lumi\u00e8re qui veut nous r\u00e9v\u00e9ler un prodigieux myst\u00e8re : le Myst\u00e8re de notre salut (Colossiens 1, 24-27) ! Nous voil\u00e0 enfin arriv\u00e9s \u00e0 l&rsquo;heure tant attendue.<\/p>\n<p>Voici donc J\u00e9sus seul sur une route o\u00f9 nul n&rsquo;est capable de le suivre. Pour marquer cette solitude absolue du creux de laquelle jaillira la supr\u00eame communion, cette noire solitude en face de l&rsquo;incompr\u00e9hension et de l&rsquo;hostilit\u00e9, deux figures se dressent au seuil de la nuit. Celle de deux ap\u00f4tres dont il a voulu faire des amis et qui vont devenir tous deux, l&rsquo;un Judas, un tra\u00eetre et l&rsquo;autre, Simon-Pierre, un ren\u00e9gat. Tel est, dans son r\u00e9alisme abrupt, la dure r\u00e9alit\u00e9 de ce que le Christ est venu souffrir non seulement pour nous, mais encore par nous. Trahi par l&rsquo;un, reni\u00e9 par l&rsquo;autre, abandonn\u00e9 de tous, J\u00e9sus s&rsquo;enfonce aujourd&rsquo;hui dans la nuit la plus noire et la plus longue de notre propre histoire.<br \/>\nVoici venue l&rsquo;heure &#8211; et elle est venue &#8211; o\u00f9 vous serez dispers\u00e9s, chacun de son c\u00f4t\u00e9, et me laisserez seuls (Jean 13, 32). Mais cette heure le Christ l&rsquo;a voulue. Il l&rsquo;a choisie. Il l&rsquo;a pr\u00e9par\u00e9e. Et il proclame m\u00eame que c&rsquo;est celle de sa glorification. (&#8230;) Que nous reste-t-il \u00e0 faire en ce Mardi Saint, nous qui sommes un peu, \u00e0 nos heures, ren\u00e9gats comme Pierre ou tra\u00eetres comme Judas ? Il nous reste \u00e0 contempler la route o\u00f9 J\u00e9sus s&rsquo;enfonce tout seul vers cet endroit o\u00f9 nous ne pouvons pas aller, tant est profond l&rsquo;ab\u00eeme de sa k\u00e9nose (an\u00e9antissement) o\u00f9 nul d&rsquo;entre nous n&rsquo;est \u00e0 m\u00eame de l&rsquo;accompagner.<br \/>\nIl nous reste \u00e0 contempler cette route avec la certitude que ce J\u00e9sus qui s&rsquo;en va, ce soir, vers la croix, c&rsquo;est aussi le Christ vainqueur de la mort qui en reviendra afin de nous prendre un jour tout entiers, avec lui, dans son Royaume, sachant bien que Celui qui a ressuscit\u00e9 le Seigneur J\u00e9sus nous ressuscitera nous aussi avec J\u00e9sus et nous placera pr\u00e8s de lui avec vous (2 Corinthiens 5, 14).<br \/>\nNe soyons pas plus pr\u00e9somptueux que Simon-Pierre ou plus d\u00e9sesp\u00e9r\u00e9s que Judas. La nuit va nous envelopper \u00e0 nouveau tout \u00e0 l&rsquo;heure. Nous ferons glisser une fois encore nos pas dans le d\u00e9dale des trottoirs et des rues. Nous nous retrouverons dans la solitude de nos appartements ; et le grand silence du soir viendra envelopper nos \u00e2mes. Mais nous savons que nous ne sommes plus seuls. J\u00e9sus Christ a lav\u00e9 nos reniements et rachet\u00e9 nos trahisons. Nos pires solitudes sont habit\u00e9es par la pr\u00e9sence de son amour. Comment donc ne pas esp\u00e9rer, au soir de ce Mardi Saint o\u00f9 nous avons vu le Fils du Dieu vivant partir mourir d&rsquo;amour pour nous, afin que notre mort ne soit plus qu&rsquo;une p\u00e2que vers lui !<\/p>\n<p>Sources Vives n\u00b0 91<\/p>\n<p>&nbsp;<\/p>\n<p>&nbsp;<\/p>\n<p>&nbsp;<\/p>\n<p>&nbsp;<\/p>\n","protected":false},"excerpt":{"rendered":"<p>Quand vient l&rsquo;heure du Mardi Saint \u00c9coutez-moi, \u00eeles lointaines ! Peuples \u00e9loign\u00e9s, soyez attentifs&#8230; Le Seigneur a fait de ma bouche une \u00e9p\u00e9e tranchante, il m&rsquo;a prot\u00e9g\u00e9 par l&rsquo;ombre de sa main&#8230; Il m&rsquo;a dit : Tu es mon serviteur, en toi je me glorifierai. Depuis des si\u00e8cles d\u00e9j\u00e0, l&rsquo;\u00c9criture annon\u00e7ait la venue myst\u00e9rieuse de [&hellip;]<\/p>\n","protected":false},"author":2,"featured_media":0,"comment_status":"closed","ping_status":"closed","sticky":false,"template":"","format":"standard","meta":{"footnotes":""},"categories":[3,13,28],"tags":[184,1382,535,1332,972,1071],"class_list":["post-10931","post","type-post","status-publish","format-standard","hentry","category-liturgique","category-ecritures","category-saints-et-saintes","tag-careme","tag-ecritures","tag-jesus","tag-mardi-saint","tag-semaine-sainte","tag-st-pierre"],"_links":{"self":[{"href":"https:\/\/www.associationdemarie.org\/blog\/wp-json\/wp\/v2\/posts\/10931","targetHints":{"allow":["GET"]}}],"collection":[{"href":"https:\/\/www.associationdemarie.org\/blog\/wp-json\/wp\/v2\/posts"}],"about":[{"href":"https:\/\/www.associationdemarie.org\/blog\/wp-json\/wp\/v2\/types\/post"}],"author":[{"embeddable":true,"href":"https:\/\/www.associationdemarie.org\/blog\/wp-json\/wp\/v2\/users\/2"}],"replies":[{"embeddable":true,"href":"https:\/\/www.associationdemarie.org\/blog\/wp-json\/wp\/v2\/comments?post=10931"}],"version-history":[{"count":1,"href":"https:\/\/www.associationdemarie.org\/blog\/wp-json\/wp\/v2\/posts\/10931\/revisions"}],"predecessor-version":[{"id":10933,"href":"https:\/\/www.associationdemarie.org\/blog\/wp-json\/wp\/v2\/posts\/10931\/revisions\/10933"}],"wp:attachment":[{"href":"https:\/\/www.associationdemarie.org\/blog\/wp-json\/wp\/v2\/media?parent=10931"}],"wp:term":[{"taxonomy":"category","embeddable":true,"href":"https:\/\/www.associationdemarie.org\/blog\/wp-json\/wp\/v2\/categories?post=10931"},{"taxonomy":"post_tag","embeddable":true,"href":"https:\/\/www.associationdemarie.org\/blog\/wp-json\/wp\/v2\/tags?post=10931"}],"curies":[{"name":"wp","href":"https:\/\/api.w.org\/{rel}","templated":true}]}}