{"id":10868,"date":"2015-03-16T02:41:55","date_gmt":"2015-03-16T01:41:55","guid":{"rendered":"http:\/\/www.associationdemarie.org\/blog\/?p=10868"},"modified":"2015-03-02T20:46:54","modified_gmt":"2015-03-02T19:46:54","slug":"vous-ne-pourrez-donc-pas-croire-a-moins-davoir-vu-des-signes-et-des-prodiges","status":"publish","type":"post","link":"https:\/\/www.associationdemarie.org\/blog\/vous-ne-pourrez-donc-pas-croire-a-moins-davoir-vu-des-signes-et-des-prodiges\/","title":{"rendered":"\u00ab Vous ne pourrez donc pas croire \u00e0 moins d&rsquo;avoir vu des signes et des prodiges ? \u00bb"},"content":{"rendered":"<p>&nbsp;<\/p>\n<p><a href=\"https:\/\/www.associationdemarie.org\/blog\/wp-content\/uploads\/2015\/03\/tonDieu.png\"><img loading=\"lazy\" decoding=\"async\" class=\"aligncenter size-full wp-image-10869\" src=\"https:\/\/www.associationdemarie.org\/blog\/wp-content\/uploads\/2015\/03\/tonDieu.png\" alt=\"tonDieu\" width=\"507\" height=\"338\" srcset=\"https:\/\/www.associationdemarie.org\/blog\/wp-content\/uploads\/2015\/03\/tonDieu.png 507w, https:\/\/www.associationdemarie.org\/blog\/wp-content\/uploads\/2015\/03\/tonDieu-300x200.png 300w\" sizes=\"auto, (max-width: 507px) 100vw, 507px\" \/><\/a><\/p>\n<p>&nbsp;<\/p>\n<p>\u00ab Si vous ne voyez pas des signes et des prodiges, vous ne croirez pas ! \u00bb Le fonctionnaire royal semble ne pas croire que J\u00e9sus a la puissance de ressusciter les morts : \u00ab Descends, avant que mon fils ne meure ! \u00bb Il semble croire que J\u00e9sus ignore la gravit\u00e9 de la maladie de son enfant. C&rsquo;est pourquoi J\u00e9sus lui fait ce reproche, pour lui montrer que les miracles se font surtout pour gagner et gu\u00e9rir les \u00e2mes. Ainsi J\u00e9sus gu\u00e9rit le p\u00e8re qui est malade d&rsquo;esprit non moins que le fils qui est malade de corps, pour nous apprendre qu&rsquo;il faut s&rsquo;attacher \u00e0 lui non \u00e0 cause des miracles, mais pour son enseignement que les miracles confirment. Car il op\u00e8re les miracles non pour les croyants, mais pour les incroyants&#8230;<\/p>\n<p>De retour chez lui, \u00ab il crut, avec tous les gens de sa maison \u00bb. Des gens qui n&rsquo;ont ni vu ni entendu J\u00e9sus&#8230;croient en lui. Quel enseignement en retirer ? Il faut croire en lui sans exiger des miracles ; il ne faut pas exiger de Dieu des preuves de sa puissance. De nos jours combien de gens montrent un plus grand amour de Dieu lorsque leurs enfants ou leur femme ont re\u00e7u quelque soulagement dans leur maladie. M\u00eame si nos v\u0153ux ne sont pas exauc\u00e9s, il faut pers\u00e9v\u00e9rer tout autant dans l&rsquo;action de gr\u00e2ce et la louange. Restons attach\u00e9s \u00e0 Dieu dans l&rsquo;adversit\u00e9 autant que dans la prosp\u00e9rit\u00e9.<\/p>\n<p>Saint Jean Chrysostome (v. 345-407), pr\u00eatre \u00e0 Antioche puis \u00e9v\u00eaque de Constantinople, docteur de l&rsquo;\u00c9glise<br \/>\nHom\u00e9lies sur l&rsquo;\u00e9vangile de Jean, n\u00b035<\/p>\n<p>&nbsp;<\/p>\n<p>&nbsp;<\/p>\n<p>&nbsp;<\/p>\n","protected":false},"excerpt":{"rendered":"<p>&nbsp; &nbsp; \u00ab Si vous ne voyez pas des signes et des prodiges, vous ne croirez pas ! \u00bb Le fonctionnaire royal semble ne pas croire que J\u00e9sus a la puissance de ressusciter les morts : \u00ab Descends, avant que mon fils ne meure ! \u00bb Il semble croire que J\u00e9sus ignore la gravit\u00e9 de [&hellip;]<\/p>\n","protected":false},"author":2,"featured_media":0,"comment_status":"closed","ping_status":"closed","sticky":false,"template":"","format":"standard","meta":{"footnotes":""},"categories":[3,13,28],"tags":[184,295,535,1043],"class_list":["post-10868","post","type-post","status-publish","format-standard","hentry","category-liturgique","category-ecritures","category-saints-et-saintes","tag-careme","tag-dieu","tag-jesus","tag-st-jean-chrysostome"],"_links":{"self":[{"href":"https:\/\/www.associationdemarie.org\/blog\/wp-json\/wp\/v2\/posts\/10868","targetHints":{"allow":["GET"]}}],"collection":[{"href":"https:\/\/www.associationdemarie.org\/blog\/wp-json\/wp\/v2\/posts"}],"about":[{"href":"https:\/\/www.associationdemarie.org\/blog\/wp-json\/wp\/v2\/types\/post"}],"author":[{"embeddable":true,"href":"https:\/\/www.associationdemarie.org\/blog\/wp-json\/wp\/v2\/users\/2"}],"replies":[{"embeddable":true,"href":"https:\/\/www.associationdemarie.org\/blog\/wp-json\/wp\/v2\/comments?post=10868"}],"version-history":[{"count":1,"href":"https:\/\/www.associationdemarie.org\/blog\/wp-json\/wp\/v2\/posts\/10868\/revisions"}],"predecessor-version":[{"id":10870,"href":"https:\/\/www.associationdemarie.org\/blog\/wp-json\/wp\/v2\/posts\/10868\/revisions\/10870"}],"wp:attachment":[{"href":"https:\/\/www.associationdemarie.org\/blog\/wp-json\/wp\/v2\/media?parent=10868"}],"wp:term":[{"taxonomy":"category","embeddable":true,"href":"https:\/\/www.associationdemarie.org\/blog\/wp-json\/wp\/v2\/categories?post=10868"},{"taxonomy":"post_tag","embeddable":true,"href":"https:\/\/www.associationdemarie.org\/blog\/wp-json\/wp\/v2\/tags?post=10868"}],"curies":[{"name":"wp","href":"https:\/\/api.w.org\/{rel}","templated":true}]}}