{"id":10837,"date":"2015-03-08T01:05:50","date_gmt":"2015-03-08T00:05:50","guid":{"rendered":"http:\/\/www.associationdemarie.org\/blog\/?p=10837"},"modified":"2015-02-20T18:09:55","modified_gmt":"2015-02-20T17:09:55","slug":"faire-silence","status":"publish","type":"post","link":"https:\/\/www.associationdemarie.org\/blog\/faire-silence\/","title":{"rendered":"Faire silence"},"content":{"rendered":"<p><a href=\"https:\/\/www.associationdemarie.org\/blog\/wp-content\/uploads\/2015\/02\/silence-interieur.jpg\"><img loading=\"lazy\" decoding=\"async\" class=\"aligncenter size-full wp-image-10838\" src=\"https:\/\/www.associationdemarie.org\/blog\/wp-content\/uploads\/2015\/02\/silence-interieur.jpg\" alt=\"silence interieur\" width=\"543\" height=\"326\" srcset=\"https:\/\/www.associationdemarie.org\/blog\/wp-content\/uploads\/2015\/02\/silence-interieur.jpg 543w, https:\/\/www.associationdemarie.org\/blog\/wp-content\/uploads\/2015\/02\/silence-interieur-300x180.jpg 300w\" sizes=\"auto, (max-width: 543px) 100vw, 543px\" \/><\/a><\/p>\n<p>Qui d&rsquo;entre nous ne s&rsquo;est pas entendu dire un jour \u00ab\u00a0il faut que je fasse du rangement\u00a0\u00bb ? Plus on avance dans la vie, plus on se rend compte qu&rsquo;il est vital d&rsquo;appliquer ce r\u00e9flexe \u00e0 notre vie int\u00e9rieure&#8230; Depuis une quinzaine d&rsquo;ann\u00e9es, les monast\u00e8res, les communaut\u00e9s ou les foyers de charit\u00e9 accueillent de plus en plus de gens. Pour certains, c&rsquo;est un rendez-vous avec Dieu qui s&rsquo;impose. D&rsquo;autres sont attir\u00e9s sans rien conna\u00eetre de Dieu. D&rsquo;autres encore ont rompu avec la foi de leur enfance mais une sensibilit\u00e9 religieuse leur est rest\u00e9e. Mais faire retraite reste une exigence, cela suppose d&rsquo;accepter de se laisser d\u00e9poss\u00e9der de ses attaches, pour \u00eatre plus soi-m\u00eame en v\u00e9rit\u00e9.<br \/>\nOn d\u00e9cide de faire une retraite lorsque l&rsquo;on a besoin de souffler, de r\u00e9fl\u00e9chir sur sa vie, parce que l&rsquo;on se sent tiraill\u00e9, effiloch\u00e9, \u00e9miett\u00e9. Faire le point permet de relire sa vie, de se recentrer sur l&rsquo;essentiel, de refaire l&rsquo;unit\u00e9 en soi pour avancer \u00e0 nouveau.<br \/>\nPour certains, ce sera le moyen de discerner, de faire m\u00fbrir une d\u00e9cision difficile \u00e0 prendre ou une orientation de vie difficile \u00e0 accepter. Pour d&rsquo;autres c&rsquo;est un moyen de faire plus de place au Seigneur dans sa vie, de lui consacrer un temps de pri\u00e8re, un temps privil\u00e9gi\u00e9 aussi pour prier pour tous ceux que l&rsquo;on aime. Tous ressentent le besoin de s&rsquo;\u00e9loigner de chez eux pour m\u00e9diter, r\u00e9fl\u00e9chir en silence! D&rsquo;autres viennent y chercher \u00ab\u00a0le vrai silence\u00a0\u00bb. Ceux qui ont vu le film \u00ab\u00a0le Grand silence\u00a0\u00bb se souviennent de l&rsquo;\u00e9motion ressentie \u00ab\u00a0\u00e0 l&rsquo;\u00e9coute\u00a0\u00bb du silence dans lequel vivent les moines de la Grande Chartreuse. Un silence qui vous happe, vous trouble, mais fait go\u00fbter un autre rapport au temps, \u00e0 la vie et vous laisse tellement diff\u00e9rent !<\/p>\n<p>Le silence peut \u00eatre un choc. S&rsquo;il est v\u00e9cu de fa\u00e7on authentique, il permet de descendre en soi, d&rsquo;atteindre un niveau de conscience que l&rsquo;on ne peut atteindre dans le tourbillon de la vie. Ce silence n&rsquo;est pas vide. C&rsquo;est le lieu de rencontre avec Dieu.<\/p>\n<p>&nbsp;<\/p>\n<p>Evelyne Montigny , journaliste<br \/>\njuillet 2009<\/p>\n<p>croire.com<\/p>\n<p>&nbsp;<\/p>\n<p>&nbsp;<\/p>\n","protected":false},"excerpt":{"rendered":"<p>Qui d&rsquo;entre nous ne s&rsquo;est pas entendu dire un jour \u00ab\u00a0il faut que je fasse du rangement\u00a0\u00bb ? Plus on avance dans la vie, plus on se rend compte qu&rsquo;il est vital d&rsquo;appliquer ce r\u00e9flexe \u00e0 notre vie int\u00e9rieure&#8230; Depuis une quinzaine d&rsquo;ann\u00e9es, les monast\u00e8res, les communaut\u00e9s ou les foyers de charit\u00e9 accueillent de plus [&hellip;]<\/p>\n","protected":false},"author":2,"featured_media":0,"comment_status":"closed","ping_status":"closed","sticky":false,"template":"","format":"standard","meta":{"footnotes":""},"categories":[3,13,1261],"tags":[184,295,880,1329,983],"class_list":["post-10837","post","type-post","status-publish","format-standard","hentry","category-liturgique","category-ecritures","category-enseignement-2","tag-careme","tag-dieu","tag-rencontre","tag-retraite","tag-silence"],"_links":{"self":[{"href":"https:\/\/www.associationdemarie.org\/blog\/wp-json\/wp\/v2\/posts\/10837","targetHints":{"allow":["GET"]}}],"collection":[{"href":"https:\/\/www.associationdemarie.org\/blog\/wp-json\/wp\/v2\/posts"}],"about":[{"href":"https:\/\/www.associationdemarie.org\/blog\/wp-json\/wp\/v2\/types\/post"}],"author":[{"embeddable":true,"href":"https:\/\/www.associationdemarie.org\/blog\/wp-json\/wp\/v2\/users\/2"}],"replies":[{"embeddable":true,"href":"https:\/\/www.associationdemarie.org\/blog\/wp-json\/wp\/v2\/comments?post=10837"}],"version-history":[{"count":1,"href":"https:\/\/www.associationdemarie.org\/blog\/wp-json\/wp\/v2\/posts\/10837\/revisions"}],"predecessor-version":[{"id":10839,"href":"https:\/\/www.associationdemarie.org\/blog\/wp-json\/wp\/v2\/posts\/10837\/revisions\/10839"}],"wp:attachment":[{"href":"https:\/\/www.associationdemarie.org\/blog\/wp-json\/wp\/v2\/media?parent=10837"}],"wp:term":[{"taxonomy":"category","embeddable":true,"href":"https:\/\/www.associationdemarie.org\/blog\/wp-json\/wp\/v2\/categories?post=10837"},{"taxonomy":"post_tag","embeddable":true,"href":"https:\/\/www.associationdemarie.org\/blog\/wp-json\/wp\/v2\/tags?post=10837"}],"curies":[{"name":"wp","href":"https:\/\/api.w.org\/{rel}","templated":true}]}}