{"id":1079,"date":"2010-06-09T13:54:38","date_gmt":"2010-06-09T13:54:38","guid":{"rendered":"http:\/\/preprod.meltem-int.com\/marie\/blog\/?p=1079"},"modified":"2010-06-09T13:54:38","modified_gmt":"2010-06-09T13:54:38","slug":"benoit-16-demande-aux-fideles-de-soutenir-leurs-pretres","status":"publish","type":"post","link":"https:\/\/www.associationdemarie.org\/blog\/benoit-16-demande-aux-fideles-de-soutenir-leurs-pretres\/","title":{"rendered":"Beno\u00eet 16 demande aux fid\u00e8les de \u00ab\u00a0soutenir\u00a0\u00bb leurs pr\u00eatres."},"content":{"rendered":"<p><a href=\"https:\/\/www.associationdemarie.org\/blog\/wp-content\/uploads\/2010\/06\/Benoit-16.jpg\"><img loading=\"lazy\" decoding=\"async\" class=\"alignleft size-thumbnail wp-image-1080\" title=\"Benoit 16\" src=\"https:\/\/www.associationdemarie.org\/blog\/wp-content\/uploads\/2010\/06\/Benoit-16-150x150.jpg\" alt=\"\" width=\"150\" height=\"150\" \/><\/a><strong>\u00ab\u00a0<\/strong><strong>Priez particuli\u00e8rement, en cette fin d&rsquo;ann\u00e9e sacerdotale, pour vos pr\u00eatres et vos s\u00e9minaristes. Encouragez-les et appuyez-les.\u00a0\u00bb<\/strong>, a dit Beno\u00eet XVI lors de l&rsquo;audience g\u00e9n\u00e9rale Place Saint-Pierre.<\/p>\n<p>Le pape Beno\u00eet XVI a demand\u00e9 aux fid\u00e8les de \u00ab\u00a0soutenir\u00a0\u00bb leurs pr\u00eatres mercredi 9 juin \u00e0 l&rsquo;occasion de la cl\u00f4ture d&rsquo;une<strong> ann\u00e9e sacerdotale<\/strong> entach\u00e9e par les scandales qui ont \u00e9clat\u00e9 ces derniers mois au sein de l&rsquo;Eglise catholique.<\/p>\n<p><a href=\"https:\/\/www.associationdemarie.org\/blog\/wp-content\/uploads\/2010\/06\/cure_ars.jpg\"><img loading=\"lazy\" decoding=\"async\" class=\"alignright size-thumbnail wp-image-1081\" title=\"cure_ars\" src=\"https:\/\/www.associationdemarie.org\/blog\/wp-content\/uploads\/2010\/06\/cure_ars-150x150.jpg\" alt=\"\" width=\"150\" height=\"150\" \/><\/a>Les c\u00e9r\u00e9monies de cl\u00f4ture de cette ann\u00e9e sacerdotale d\u00e9cr\u00e9t\u00e9e par le pape \u00e0 l&rsquo;occasion du 150\u00e8me anniversaire du cur\u00e9 d&rsquo;Ars,\u00a0<strong>Jean-Marie Vianney<\/strong>, se sont ouvertes aujourd&rsquo;hui et s&rsquo;ach\u00e8veront vendredi.\u00a0Environ\u00a0<strong>10.000 pr\u00eatres<\/strong> du monde entier ont fait le d\u00e9placement \u00e0 Rome pour y participer et soutenir Beno\u00eet XVI.<\/p>\n","protected":false},"excerpt":{"rendered":"<p>\u00ab\u00a0Priez particuli\u00e8rement, en cette fin d&rsquo;ann\u00e9e sacerdotale, pour vos pr\u00eatres et vos s\u00e9minaristes. Encouragez-les et appuyez-les.\u00a0\u00bb, a dit Beno\u00eet XVI lors de l&rsquo;audience g\u00e9n\u00e9rale Place Saint-Pierre. Le pape Beno\u00eet XVI a demand\u00e9 aux fid\u00e8les de \u00ab\u00a0soutenir\u00a0\u00bb leurs pr\u00eatres mercredi 9 juin \u00e0 l&rsquo;occasion de la cl\u00f4ture d&rsquo;une ann\u00e9e sacerdotale entach\u00e9e par les scandales qui ont [&hellip;]<\/p>\n","protected":false},"author":2,"featured_media":0,"comment_status":"closed","ping_status":"closed","sticky":false,"template":"","format":"standard","meta":{"footnotes":""},"categories":[2,3,28],"tags":[142,278,336,826,1071],"class_list":["post-1079","post","type-post","status-publish","format-standard","hentry","category-actualites","category-liturgique","category-saints-et-saintes","tag-benoit-16","tag-cure-dars","tag-eglise","tag-pretre","tag-st-pierre"],"_links":{"self":[{"href":"https:\/\/www.associationdemarie.org\/blog\/wp-json\/wp\/v2\/posts\/1079","targetHints":{"allow":["GET"]}}],"collection":[{"href":"https:\/\/www.associationdemarie.org\/blog\/wp-json\/wp\/v2\/posts"}],"about":[{"href":"https:\/\/www.associationdemarie.org\/blog\/wp-json\/wp\/v2\/types\/post"}],"author":[{"embeddable":true,"href":"https:\/\/www.associationdemarie.org\/blog\/wp-json\/wp\/v2\/users\/2"}],"replies":[{"embeddable":true,"href":"https:\/\/www.associationdemarie.org\/blog\/wp-json\/wp\/v2\/comments?post=1079"}],"version-history":[{"count":0,"href":"https:\/\/www.associationdemarie.org\/blog\/wp-json\/wp\/v2\/posts\/1079\/revisions"}],"wp:attachment":[{"href":"https:\/\/www.associationdemarie.org\/blog\/wp-json\/wp\/v2\/media?parent=1079"}],"wp:term":[{"taxonomy":"category","embeddable":true,"href":"https:\/\/www.associationdemarie.org\/blog\/wp-json\/wp\/v2\/categories?post=1079"},{"taxonomy":"post_tag","embeddable":true,"href":"https:\/\/www.associationdemarie.org\/blog\/wp-json\/wp\/v2\/tags?post=1079"}],"curies":[{"name":"wp","href":"https:\/\/api.w.org\/{rel}","templated":true}]}}