{"id":10734,"date":"2015-02-21T01:29:15","date_gmt":"2015-02-21T00:29:15","guid":{"rendered":"http:\/\/www.associationdemarie.org\/blog\/?p=10734"},"modified":"2015-02-07T07:32:05","modified_gmt":"2015-02-07T06:32:05","slug":"abandonnant-tout-lhomme-se-leva-et-se-mit-a-le-suivre-2","status":"publish","type":"post","link":"https:\/\/www.associationdemarie.org\/blog\/abandonnant-tout-lhomme-se-leva-et-se-mit-a-le-suivre-2\/","title":{"rendered":"\u00ab Abandonnant tout, l&rsquo;homme se leva et se mit \u00e0 le suivre. \u00bb"},"content":{"rendered":"<p style=\"text-align: center;\"><a href=\"https:\/\/www.associationdemarie.org\/blog\/wp-content\/uploads\/2015\/02\/banner_03.png\"><img loading=\"lazy\" decoding=\"async\" class=\"aligncenter  wp-image-10735\" alt=\"banner_03\" src=\"https:\/\/www.associationdemarie.org\/blog\/wp-content\/uploads\/2015\/02\/banner_03.png\" width=\"473\" height=\"188\" srcset=\"https:\/\/www.associationdemarie.org\/blog\/wp-content\/uploads\/2015\/02\/banner_03.png 788w, https:\/\/www.associationdemarie.org\/blog\/wp-content\/uploads\/2015\/02\/banner_03-300x119.png 300w\" sizes=\"auto, (max-width: 473px) 100vw, 473px\" \/><\/a><\/p>\n<p>\u00c9couter le Christ et l&rsquo;adorer conduit \u00e0 faire des choix courageux, \u00e0 prendre des d\u00e9cisions parfois h\u00e9ro\u00efques. J\u00e9sus est exigeant car il veut notre bonheur authentique. Il appelle certains \u00e0 tout quitter pour le suivre dans la vie sacerdotale ou consacr\u00e9e. Que ceux qui entendent cette invitation n&rsquo;aient pas peur de lui r\u00e9pondre \u00ab\u00a0oui\u00a0\u00bb et qu&rsquo;ils se mettent g\u00e9n\u00e9reusement \u00e0 sa suite. Mais, en dehors des vocations particuli\u00e8res de cons\u00e9cration, il y a la vocation propre de tout baptis\u00e9\u00a0: elle aussi est une vocation \u00e0 ce \u00ab\u00a0haut degr\u00e9\u00a0\u00bb de la vie chr\u00e9tienne ordinaire qui s&rsquo;exprime dans la saintet\u00e9 (cf. Novo millenio ineunte, Au d\u00e9but du nouveau mill\u00e9naire, 31).<\/p>\n<p>Tant de nos contemporains ne connaissent pas encore l&rsquo;amour de Dieu ou cherchent \u00e0 remplir leur c\u0153ur de succ\u00e9dan\u00e9s insignifiants. Il est donc urgent d&rsquo;\u00eatre des t\u00e9moins de l&rsquo;amour contempl\u00e9 dans le Christ&#8230; l&rsquo;\u00c9glise a besoin de t\u00e9moins authentiques pour la nouvelle \u00e9vang\u00e9lisation\u00a0: des hommes et des femmes dont la vie a \u00e9t\u00e9 transform\u00e9e par la rencontre avec J\u00e9sus, des hommes et des femmes capables de communiquer cette exp\u00e9rience aux autres. L&rsquo;Eglise a besoin de saints. Nous sommes tous appel\u00e9s \u00e0 la saintet\u00e9 et seuls les saints peuvent r\u00e9nover l&rsquo;humanit\u00e9.<\/p>\n<p>Saint Jean-Paul II (1920-2005), pape<br \/>\n<i>Message aux jeunes en vue de la 20\u00e8me JMJ (6\/8\/04)<\/i><\/p>\n<p>&nbsp;<\/p>\n<p>&nbsp;<\/p>\n<p>&nbsp;<\/p>\n<p>&nbsp;<\/p>\n","protected":false},"excerpt":{"rendered":"<p>\u00c9couter le Christ et l&rsquo;adorer conduit \u00e0 faire des choix courageux, \u00e0 prendre des d\u00e9cisions parfois h\u00e9ro\u00efques. J\u00e9sus est exigeant car il veut notre bonheur authentique. Il appelle certains \u00e0 tout quitter pour le suivre dans la vie sacerdotale ou consacr\u00e9e. Que ceux qui entendent cette invitation n&rsquo;aient pas peur de lui r\u00e9pondre \u00ab\u00a0oui\u00a0\u00bb et [&hellip;]<\/p>\n","protected":false},"author":2,"featured_media":0,"comment_status":"closed","ping_status":"closed","sticky":false,"template":"","format":"standard","meta":{"footnotes":""},"categories":[3,1261,14,28],"tags":[387,535,923,1253],"class_list":["post-10734","post","type-post","status-publish","format-standard","hentry","category-liturgique","category-enseignement-2","category-groupe-prieres","category-saints-et-saintes","tag-evangelisation","tag-jesus","tag-saint","tag-st-jean-paul-2"],"_links":{"self":[{"href":"https:\/\/www.associationdemarie.org\/blog\/wp-json\/wp\/v2\/posts\/10734","targetHints":{"allow":["GET"]}}],"collection":[{"href":"https:\/\/www.associationdemarie.org\/blog\/wp-json\/wp\/v2\/posts"}],"about":[{"href":"https:\/\/www.associationdemarie.org\/blog\/wp-json\/wp\/v2\/types\/post"}],"author":[{"embeddable":true,"href":"https:\/\/www.associationdemarie.org\/blog\/wp-json\/wp\/v2\/users\/2"}],"replies":[{"embeddable":true,"href":"https:\/\/www.associationdemarie.org\/blog\/wp-json\/wp\/v2\/comments?post=10734"}],"version-history":[{"count":1,"href":"https:\/\/www.associationdemarie.org\/blog\/wp-json\/wp\/v2\/posts\/10734\/revisions"}],"predecessor-version":[{"id":10736,"href":"https:\/\/www.associationdemarie.org\/blog\/wp-json\/wp\/v2\/posts\/10734\/revisions\/10736"}],"wp:attachment":[{"href":"https:\/\/www.associationdemarie.org\/blog\/wp-json\/wp\/v2\/media?parent=10734"}],"wp:term":[{"taxonomy":"category","embeddable":true,"href":"https:\/\/www.associationdemarie.org\/blog\/wp-json\/wp\/v2\/categories?post=10734"},{"taxonomy":"post_tag","embeddable":true,"href":"https:\/\/www.associationdemarie.org\/blog\/wp-json\/wp\/v2\/tags?post=10734"}],"curies":[{"name":"wp","href":"https:\/\/api.w.org\/{rel}","templated":true}]}}