{"id":1072,"date":"2010-06-11T04:58:32","date_gmt":"2010-06-11T04:58:32","guid":{"rendered":"http:\/\/preprod.meltem-int.com\/marie\/blog\/?p=1072"},"modified":"2010-06-11T04:58:32","modified_gmt":"2010-06-11T04:58:32","slug":"fete-du-coeur-immacule-de-marie","status":"publish","type":"post","link":"https:\/\/www.associationdemarie.org\/blog\/fete-du-coeur-immacule-de-marie\/","title":{"rendered":"F\u00eate du Coeur Immacul\u00e9 de Marie"},"content":{"rendered":"<p><a href=\"https:\/\/www.associationdemarie.org\/blog\/wp-content\/uploads\/2010\/06\/coeurimmacul\u00e9Marie.jpg\"><img loading=\"lazy\" decoding=\"async\" class=\"alignleft size-medium wp-image-1073\" title=\"coeurimmacul\u00e9Marie\" src=\"https:\/\/www.associationdemarie.org\/blog\/wp-content\/uploads\/2010\/06\/coeurimmacul\u00e9Marie-190x300.jpg\" alt=\"\" width=\"190\" height=\"300\" srcset=\"https:\/\/www.associationdemarie.org\/blog\/wp-content\/uploads\/2010\/06\/coeurimmacul\u00e9Marie-190x300.jpg 190w, https:\/\/www.associationdemarie.org\/blog\/wp-content\/uploads\/2010\/06\/coeurimmacul\u00e9Marie.jpg 300w\" sizes=\"auto, (max-width: 190px) 100vw, 190px\" \/><\/a>\u00ab\u00a0Mes enfants, je suis L\u2019Immacul\u00e9e Conception, tant aim\u00e9e dans certains foyers et pourtant tant d\u00e9cri\u00e9e par la majorit\u00e9 du monde. Mais c\u2019est l\u2019Amour qui triomphera, car j\u2019ai vou\u00e9 ma vie au plan Divin. Je vous aide dans le plan Divin. Comme bien d\u2019autres hommes, vous \u00eates le flambeau de l\u2019Amour et de la Paix. Et\u00a0 tant que les hommes existeront, existera le flambeau de l\u2019Amour et de la Paix\u00a0; Dieu ne laissera pas \u00e9teindre ce flambeau.\u00a0\u00bb<\/p>\n<p>Marie M\u00e8re des hommes &#8211; octobre 1993<\/p>\n","protected":false},"excerpt":{"rendered":"<p>\u00ab\u00a0Mes enfants, je suis L\u2019Immacul\u00e9e Conception, tant aim\u00e9e dans certains foyers et pourtant tant d\u00e9cri\u00e9e par la majorit\u00e9 du monde. Mais c\u2019est l\u2019Amour qui triomphera, car j\u2019ai vou\u00e9 ma vie au plan Divin. Je vous aide dans le plan Divin. Comme bien d\u2019autres hommes, vous \u00eates le flambeau de l\u2019Amour et de la Paix. Et\u00a0 [&hellip;]<\/p>\n","protected":false},"author":2,"featured_media":0,"comment_status":"closed","ping_status":"closed","sticky":false,"template":"","format":"standard","meta":{"footnotes":""},"categories":[3,19],"tags":[65,421,493],"class_list":["post-1072","post","type-post","status-publish","format-standard","hentry","category-liturgique","category-messages","tag-amour-et-paix","tag-flambeau","tag-immaculee-conception"],"_links":{"self":[{"href":"https:\/\/www.associationdemarie.org\/blog\/wp-json\/wp\/v2\/posts\/1072","targetHints":{"allow":["GET"]}}],"collection":[{"href":"https:\/\/www.associationdemarie.org\/blog\/wp-json\/wp\/v2\/posts"}],"about":[{"href":"https:\/\/www.associationdemarie.org\/blog\/wp-json\/wp\/v2\/types\/post"}],"author":[{"embeddable":true,"href":"https:\/\/www.associationdemarie.org\/blog\/wp-json\/wp\/v2\/users\/2"}],"replies":[{"embeddable":true,"href":"https:\/\/www.associationdemarie.org\/blog\/wp-json\/wp\/v2\/comments?post=1072"}],"version-history":[{"count":0,"href":"https:\/\/www.associationdemarie.org\/blog\/wp-json\/wp\/v2\/posts\/1072\/revisions"}],"wp:attachment":[{"href":"https:\/\/www.associationdemarie.org\/blog\/wp-json\/wp\/v2\/media?parent=1072"}],"wp:term":[{"taxonomy":"category","embeddable":true,"href":"https:\/\/www.associationdemarie.org\/blog\/wp-json\/wp\/v2\/categories?post=1072"},{"taxonomy":"post_tag","embeddable":true,"href":"https:\/\/www.associationdemarie.org\/blog\/wp-json\/wp\/v2\/tags?post=1072"}],"curies":[{"name":"wp","href":"https:\/\/api.w.org\/{rel}","templated":true}]}}