{"id":10716,"date":"2022-02-15T01:58:19","date_gmt":"2022-02-15T00:58:19","guid":{"rendered":"http:\/\/www.associationdemarie.org\/blog\/?p=10716"},"modified":"2022-01-26T09:59:20","modified_gmt":"2022-01-26T08:59:20","slug":"vous-ne-comprenez-pas-encore-vous-avez-le-coeur-aveugle","status":"publish","type":"post","link":"https:\/\/www.associationdemarie.org\/blog\/vous-ne-comprenez-pas-encore-vous-avez-le-coeur-aveugle\/","title":{"rendered":"\u00ab Vous ne comprenez pas encore ? Vous avez le c\u0153ur aveugl\u00e9 ? \u00bb"},"content":{"rendered":"<p><a href=\"https:\/\/www.associationdemarie.org\/blog\/wp-content\/uploads\/2015\/02\/image.jpg\"><img loading=\"lazy\" decoding=\"async\" class=\"alignleft size-full wp-image-10717\" src=\"https:\/\/www.associationdemarie.org\/blog\/wp-content\/uploads\/2015\/02\/image.jpg\" alt=\"image\" width=\"200\" height=\"201\" srcset=\"https:\/\/www.associationdemarie.org\/blog\/wp-content\/uploads\/2015\/02\/image.jpg 200w, https:\/\/www.associationdemarie.org\/blog\/wp-content\/uploads\/2015\/02\/image-150x150.jpg 150w\" sizes=\"auto, (max-width: 200px) 100vw, 200px\" \/><\/a>Dieu, P\u00e8re tout-puissant, c&rsquo;est \u00e0 toi que je veux consacrer l&rsquo;occupation principale de ma vie. Que tout en moi, mes paroles et mes pens\u00e9es, parlent de toi&#8230; Conscients de notre pauvret\u00e9, nous te demandons ce qui nous manque ; nous apporterons un z\u00e8le infatigable pour scruter les paroles de tes proph\u00e8tes et de tes ap\u00f4tres, nous frapperons \u00e0 toutes les portes que notre intelligence trouvera ferm\u00e9es.<\/p>\n<p>Mais c&rsquo;est \u00e0 toi d&rsquo;exaucer la demande, d&rsquo;accorder ce qu&rsquo;on cherche, d&rsquo;ouvrir la porte ferm\u00e9e (Lc 11,9). Car nous vivons dans une sorte de torpeur, \u00e0 cause de l&rsquo;engourdissement de notre nature ; la faiblesse de notre esprit nous emp\u00eache de comprendre tes myst\u00e8res par une ignorance in\u00e9luctable.<\/p>\n<p>Heureusement, l&rsquo;\u00e9tude de ta doctrine fortifie notre perception de la v\u00e9rit\u00e9 divine, et l&rsquo;ob\u00e9issance de la foi nous soul\u00e8ve au-dessus des pens\u00e9es du commun des hommes. Nous esp\u00e9rons donc que tu stimuleras les d\u00e9buts de cette entreprise difficile, que tu affermiras les progr\u00e8s de notre d\u00e9marche et que tu nous appelleras \u00e0 participer \u00e0 l&rsquo;Esprit qui a guid\u00e9 tes proph\u00e8tes et tes ap\u00f4tres. Nous voudrions comprendre leurs paroles dans le sens o\u00f9 ils les ont prononc\u00e9es et employer des termes exacts pour rendre fid\u00e8lement tout ce qu&rsquo;ils ont exprim\u00e9&#8230; Accorde-nous donc le sens exact des mots, la lumi\u00e8re de l&rsquo;intelligence, la beaut\u00e9 de l&rsquo;expression ; \u00e9tablis notre foi dans la v\u00e9rit\u00e9. Accorde-nous de dire ce que nous croyons.<\/p>\n<p>Saint Hilaire (v. 315-367), \u00e9v\u00eaque de Poitiers et docteur de l&rsquo;\u00c9glise<br \/>\n<i>La Trinit\u00e9, I, 37-38 (trad. cf coll. P\u00e8res dans la foi, n\u00b019, p. 56)<\/i><\/p>\n<p>&nbsp;<\/p>\n<p>&nbsp;<\/p>\n<p>&nbsp;<\/p>\n","protected":false},"excerpt":{"rendered":"<p>Dieu, P\u00e8re tout-puissant, c&rsquo;est \u00e0 toi que je veux consacrer l&rsquo;occupation principale de ma vie. Que tout en moi, mes paroles et mes pens\u00e9es, parlent de toi&#8230; Conscients de notre pauvret\u00e9, nous te demandons ce qui nous manque ; nous apporterons un z\u00e8le infatigable pour scruter les paroles de tes proph\u00e8tes et de tes ap\u00f4tres, [&hellip;]<\/p>\n","protected":false},"author":2,"featured_media":0,"comment_status":"closed","ping_status":"closed","sticky":false,"template":"","format":"standard","meta":{"footnotes":""},"categories":[3,13,1261,14,26,28],"tags":[357,387,830,1036],"class_list":["post-10716","post","type-post","status-publish","format-standard","hentry","category-liturgique","category-ecritures","category-enseignement-2","category-groupe-prieres","category-priere-des-ames","category-saints-et-saintes","tag-enseignement","tag-evangelisation","tag-priere","tag-st-hilaire"],"_links":{"self":[{"href":"https:\/\/www.associationdemarie.org\/blog\/wp-json\/wp\/v2\/posts\/10716","targetHints":{"allow":["GET"]}}],"collection":[{"href":"https:\/\/www.associationdemarie.org\/blog\/wp-json\/wp\/v2\/posts"}],"about":[{"href":"https:\/\/www.associationdemarie.org\/blog\/wp-json\/wp\/v2\/types\/post"}],"author":[{"embeddable":true,"href":"https:\/\/www.associationdemarie.org\/blog\/wp-json\/wp\/v2\/users\/2"}],"replies":[{"embeddable":true,"href":"https:\/\/www.associationdemarie.org\/blog\/wp-json\/wp\/v2\/comments?post=10716"}],"version-history":[{"count":2,"href":"https:\/\/www.associationdemarie.org\/blog\/wp-json\/wp\/v2\/posts\/10716\/revisions"}],"predecessor-version":[{"id":21287,"href":"https:\/\/www.associationdemarie.org\/blog\/wp-json\/wp\/v2\/posts\/10716\/revisions\/21287"}],"wp:attachment":[{"href":"https:\/\/www.associationdemarie.org\/blog\/wp-json\/wp\/v2\/media?parent=10716"}],"wp:term":[{"taxonomy":"category","embeddable":true,"href":"https:\/\/www.associationdemarie.org\/blog\/wp-json\/wp\/v2\/categories?post=10716"},{"taxonomy":"post_tag","embeddable":true,"href":"https:\/\/www.associationdemarie.org\/blog\/wp-json\/wp\/v2\/tags?post=10716"}],"curies":[{"name":"wp","href":"https:\/\/api.w.org\/{rel}","templated":true}]}}