{"id":10709,"date":"2015-02-15T01:13:52","date_gmt":"2015-02-15T00:13:52","guid":{"rendered":"http:\/\/www.associationdemarie.org\/blog\/?p=10709"},"modified":"2015-02-01T08:21:54","modified_gmt":"2015-02-01T07:21:54","slug":"je-le-veux-sois-purifie","status":"publish","type":"post","link":"https:\/\/www.associationdemarie.org\/blog\/je-le-veux-sois-purifie\/","title":{"rendered":"\u00ab Je le veux, sois purifi\u00e9. \u00bb"},"content":{"rendered":"<p style=\"text-align: center;\"><a href=\"https:\/\/www.associationdemarie.org\/blog\/wp-content\/uploads\/2015\/02\/fr-evangile-illustre-2015-01-09v1.jpg\"><img loading=\"lazy\" decoding=\"async\" class=\"aligncenter  wp-image-10710\" alt=\"fr-evangile-illustre-2015-01-09v1\" src=\"https:\/\/www.associationdemarie.org\/blog\/wp-content\/uploads\/2015\/02\/fr-evangile-illustre-2015-01-09v1.jpg\" width=\"544\" height=\"326\" srcset=\"https:\/\/www.associationdemarie.org\/blog\/wp-content\/uploads\/2015\/02\/fr-evangile-illustre-2015-01-09v1.jpg 680w, https:\/\/www.associationdemarie.org\/blog\/wp-content\/uploads\/2015\/02\/fr-evangile-illustre-2015-01-09v1-300x179.jpg 300w\" sizes=\"auto, (max-width: 544px) 100vw, 544px\" \/><\/a><\/p>\n<p>Le Seigneur gu\u00e9rit chaque jour l&rsquo;\u00e2me de tout homme qui l&rsquo;implore, l&rsquo;adore pieusement et proclame avec foi ces paroles\u00a0: \u00ab\u00a0Seigneur, si tu le veux, tu peux me purifier\u00a0\u00bb, et cela quel que soit le nombre de ses fautes. \u00ab\u00a0Car celui qui croit du fond du c\u0153ur devient juste\u00a0\u00bb (Rm 10,10). Il nous faut donc adresser \u00e0 Dieu nos demandes en toute confiance, sans mettre nullement en doute sa puissance&#8230; C&rsquo;est la raison pour laquelle le Seigneur r\u00e9pond aussit\u00f4t au l\u00e9preux qui le supplie\u00a0: \u00ab\u00a0Je le veux\u00a0\u00bb. Car, \u00e0 peine le p\u00e9cheur commence-t-il \u00e0 prier avec foi, que la main du Seigneur se met \u00e0 soigner la l\u00e8pre de son \u00e2me&#8230;<\/p>\n<p>Ce l\u00e9preux nous donne un tr\u00e8s bon conseil sur la fa\u00e7on de prier. Il ne met pas en doute la volont\u00e9 du Seigneur, comme s&rsquo;il refusait de croire en sa bont\u00e9. Mais, conscient de la gravit\u00e9 de ses fautes, il ne veut pas pr\u00e9sumer de cette volont\u00e9. En disant que le Seigneur, s&rsquo;il le veut, peut le purifier, il affirme que ce pouvoir appartient au Seigneur, en m\u00eame temps qu&rsquo;il affirme sa foi&#8230; Si la foi est faible, elle doit d&rsquo;abord \u00eatre fortifi\u00e9e. C&rsquo;est alors seulement qu&rsquo;elle r\u00e9v\u00e9lera toute sa puissance pour obtenir la gu\u00e9rison de l&rsquo;\u00e2me et du corps.<\/p>\n<p>L&rsquo;ap\u00f4tre Pierre parle sans aucun doute de cette foi quand il dit\u00a0: \u00ab\u00a0Il a purifi\u00e9 leurs c\u0153urs par la foi\u00a0\u00bb (Ac 15,9)&#8230; La foi pure, v\u00e9cue dans l&rsquo;amour, maintenue par la pers\u00e9v\u00e9rance, patiente dans l&rsquo;attente, humble dans son affirmation, ferme dans sa confiance, pleine de respect dans sa pri\u00e8re et de sagesse dans ce qu&rsquo;elle demande, est certaine d&rsquo;entendre en toute circonstance cette parole du Seigneur\u00a0: \u00ab\u00a0Je le veux\u00a0\u00bb.<\/p>\n<p>Saint Paschase Radbert (?-v. 849), moine b\u00e9n\u00e9dictin<br \/>\n<i>Commentaire sur l&rsquo;\u00e9vangile de Matthieu, 5, 8; CCM 56 A, 475-476 (trad. Delhougne, Les P\u00e8res commentent, p. 243)<\/i><\/p>\n","protected":false},"excerpt":{"rendered":"<p>Le Seigneur gu\u00e9rit chaque jour l&rsquo;\u00e2me de tout homme qui l&rsquo;implore, l&rsquo;adore pieusement et proclame avec foi ces paroles\u00a0: \u00ab\u00a0Seigneur, si tu le veux, tu peux me purifier\u00a0\u00bb, et cela quel que soit le nombre de ses fautes. \u00ab\u00a0Car celui qui croit du fond du c\u0153ur devient juste\u00a0\u00bb (Rm 10,10). Il nous faut donc adresser [&hellip;]<\/p>\n","protected":false},"author":2,"featured_media":0,"comment_status":"closed","ping_status":"closed","sticky":false,"template":"","format":"standard","meta":{"footnotes":""},"categories":[3,13,1261,28],"tags":[1382,425,465,535,1325,1071],"class_list":["post-10709","post","type-post","status-publish","format-standard","hentry","category-liturgique","category-ecritures","category-enseignement-2","category-saints-et-saintes","tag-ecritures","tag-foi","tag-guerison","tag-jesus","tag-st-paschase-radbert","tag-st-pierre"],"_links":{"self":[{"href":"https:\/\/www.associationdemarie.org\/blog\/wp-json\/wp\/v2\/posts\/10709","targetHints":{"allow":["GET"]}}],"collection":[{"href":"https:\/\/www.associationdemarie.org\/blog\/wp-json\/wp\/v2\/posts"}],"about":[{"href":"https:\/\/www.associationdemarie.org\/blog\/wp-json\/wp\/v2\/types\/post"}],"author":[{"embeddable":true,"href":"https:\/\/www.associationdemarie.org\/blog\/wp-json\/wp\/v2\/users\/2"}],"replies":[{"embeddable":true,"href":"https:\/\/www.associationdemarie.org\/blog\/wp-json\/wp\/v2\/comments?post=10709"}],"version-history":[{"count":1,"href":"https:\/\/www.associationdemarie.org\/blog\/wp-json\/wp\/v2\/posts\/10709\/revisions"}],"predecessor-version":[{"id":10711,"href":"https:\/\/www.associationdemarie.org\/blog\/wp-json\/wp\/v2\/posts\/10709\/revisions\/10711"}],"wp:attachment":[{"href":"https:\/\/www.associationdemarie.org\/blog\/wp-json\/wp\/v2\/media?parent=10709"}],"wp:term":[{"taxonomy":"category","embeddable":true,"href":"https:\/\/www.associationdemarie.org\/blog\/wp-json\/wp\/v2\/categories?post=10709"},{"taxonomy":"post_tag","embeddable":true,"href":"https:\/\/www.associationdemarie.org\/blog\/wp-json\/wp\/v2\/tags?post=10709"}],"curies":[{"name":"wp","href":"https:\/\/api.w.org\/{rel}","templated":true}]}}