{"id":1063,"date":"2010-06-07T07:08:48","date_gmt":"2010-06-07T07:08:48","guid":{"rendered":"http:\/\/preprod.meltem-int.com\/marie\/blog\/?p=1063"},"modified":"2010-06-07T07:08:48","modified_gmt":"2010-06-07T07:08:48","slug":"sacre-coeur-de-jesus","status":"publish","type":"post","link":"https:\/\/www.associationdemarie.org\/blog\/sacre-coeur-de-jesus\/","title":{"rendered":"Sacr\u00e9 Coeur de J\u00e9sus"},"content":{"rendered":"<p><a href=\"https:\/\/www.associationdemarie.org\/blog\/wp-content\/uploads\/2010\/06\/Sacr\u00e9Coeur.gif\"><img loading=\"lazy\" decoding=\"async\" class=\"alignright size-full wp-image-1064\" title=\"Sacr\u00e9Coeur\" src=\"https:\/\/www.associationdemarie.org\/blog\/wp-content\/uploads\/2010\/06\/Sacr\u00e9Coeur.gif\" alt=\"\" width=\"300\" height=\"294\" \/><\/a>Mes enfants, il vous faut prendre le temps de contempler et d\u2019aimer le C\u0153ur Sacr\u00e9 de mon Fils. Au travers de cette vision et de ce ressentiment de souffrance, vous comprendrez le juste chemin de votre vie, vie d\u2019amour et de d\u00e9votion pour que ce C\u0153ur sanglant se cicatrise de toutes les peines humaines qui Lui sont inflig\u00e9es.<\/p>\n<p>Marie M\u00e8re des hommes &#8211; octobre 1999<\/p>\n","protected":false},"excerpt":{"rendered":"<p>Mes enfants, il vous faut prendre le temps de contempler et d\u2019aimer le C\u0153ur Sacr\u00e9 de mon Fils. Au travers de cette vision et de ce ressentiment de souffrance, vous comprendrez le juste chemin de votre vie, vie d\u2019amour et de d\u00e9votion pour que ce C\u0153ur sanglant se cicatrise de toutes les peines humaines qui [&hellip;]<\/p>\n","protected":false},"author":2,"featured_media":0,"comment_status":"closed","ping_status":"closed","sticky":false,"template":"","format":"standard","meta":{"footnotes":""},"categories":[3,19],"tags":[62,293,413,914],"class_list":["post-1063","post","type-post","status-publish","format-standard","hentry","category-liturgique","category-messages","tag-amour","tag-devotion","tag-fils","tag-sacre-coeur-de-jesus"],"_links":{"self":[{"href":"https:\/\/www.associationdemarie.org\/blog\/wp-json\/wp\/v2\/posts\/1063","targetHints":{"allow":["GET"]}}],"collection":[{"href":"https:\/\/www.associationdemarie.org\/blog\/wp-json\/wp\/v2\/posts"}],"about":[{"href":"https:\/\/www.associationdemarie.org\/blog\/wp-json\/wp\/v2\/types\/post"}],"author":[{"embeddable":true,"href":"https:\/\/www.associationdemarie.org\/blog\/wp-json\/wp\/v2\/users\/2"}],"replies":[{"embeddable":true,"href":"https:\/\/www.associationdemarie.org\/blog\/wp-json\/wp\/v2\/comments?post=1063"}],"version-history":[{"count":0,"href":"https:\/\/www.associationdemarie.org\/blog\/wp-json\/wp\/v2\/posts\/1063\/revisions"}],"wp:attachment":[{"href":"https:\/\/www.associationdemarie.org\/blog\/wp-json\/wp\/v2\/media?parent=1063"}],"wp:term":[{"taxonomy":"category","embeddable":true,"href":"https:\/\/www.associationdemarie.org\/blog\/wp-json\/wp\/v2\/categories?post=1063"},{"taxonomy":"post_tag","embeddable":true,"href":"https:\/\/www.associationdemarie.org\/blog\/wp-json\/wp\/v2\/tags?post=1063"}],"curies":[{"name":"wp","href":"https:\/\/api.w.org\/{rel}","templated":true}]}}