{"id":10610,"date":"2015-01-29T01:00:57","date_gmt":"2015-01-29T00:00:57","guid":{"rendered":"http:\/\/www.associationdemarie.org\/blog\/?p=10610"},"modified":"2015-01-14T08:11:30","modified_gmt":"2015-01-14T07:11:30","slug":"intentions-de-priere-confiees-par-la-pape-francois-fevrier-2015","status":"publish","type":"post","link":"https:\/\/www.associationdemarie.org\/blog\/intentions-de-priere-confiees-par-la-pape-francois-fevrier-2015\/","title":{"rendered":"Intentions de pri\u00e8re confi\u00e9es par la pape Fran\u00e7ois &#8211; f\u00e9vrier 2015"},"content":{"rendered":"<div title=\"Page 1\">\n<div>\n<div>\n<p style=\"text-align: center;\"><a href=\"https:\/\/www.associationdemarie.org\/blog\/wp-content\/uploads\/2015\/01\/pape-francois.jpg\"><img loading=\"lazy\" decoding=\"async\" class=\"aligncenter  wp-image-10611\" alt=\"pape-francois\" src=\"https:\/\/www.associationdemarie.org\/blog\/wp-content\/uploads\/2015\/01\/pape-francois.jpg\" width=\"427\" height=\"214\" srcset=\"https:\/\/www.associationdemarie.org\/blog\/wp-content\/uploads\/2015\/01\/pape-francois.jpg 534w, https:\/\/www.associationdemarie.org\/blog\/wp-content\/uploads\/2015\/01\/pape-francois-300x150.jpg 300w\" sizes=\"auto, (max-width: 427px) 100vw, 427px\" \/><\/a><\/p>\n<p><strong>Universelle \u2013 Les d\u00e9tenus<\/strong><br \/>\nPour que les d\u00e9tenus, les jeunes en particulier, aient la possibilit\u00e9 de se reconstruire une vie digne.<\/p>\n<p><strong>Pour l\u2019\u00e9vang\u00e9lisation \u2013 Les conjoints s\u00e9par\u00e9s<\/strong><br \/>\nPour que les conjoints qui se sont s\u00e9par\u00e9s trouvent accueil et soutien dans la communaut\u00e9 chr\u00e9tienne.<\/p>\n<p>&nbsp;<\/p>\n<p>&nbsp;<\/p>\n<p>&nbsp;<\/p>\n<p>&nbsp;<\/p>\n<p>&nbsp;<\/p>\n<\/div>\n<\/div>\n<\/div>\n","protected":false},"excerpt":{"rendered":"<p>Universelle \u2013 Les d\u00e9tenus Pour que les d\u00e9tenus, les jeunes en particulier, aient la possibilit\u00e9 de se reconstruire une vie digne. Pour l\u2019\u00e9vang\u00e9lisation \u2013 Les conjoints s\u00e9par\u00e9s Pour que les conjoints qui se sont s\u00e9par\u00e9s trouvent accueil et soutien dans la communaut\u00e9 chr\u00e9tienne. &nbsp; &nbsp; &nbsp; &nbsp; &nbsp;<\/p>\n","protected":false},"author":2,"featured_media":0,"comment_status":"closed","ping_status":"closed","sticky":false,"template":"","format":"standard","meta":{"footnotes":""},"categories":[2,14],"tags":[387,502,761],"class_list":["post-10610","post","type-post","status-publish","format-standard","hentry","category-actualites","category-groupe-prieres","tag-evangelisation","tag-intention-de-prieres","tag-pape-francois"],"_links":{"self":[{"href":"https:\/\/www.associationdemarie.org\/blog\/wp-json\/wp\/v2\/posts\/10610","targetHints":{"allow":["GET"]}}],"collection":[{"href":"https:\/\/www.associationdemarie.org\/blog\/wp-json\/wp\/v2\/posts"}],"about":[{"href":"https:\/\/www.associationdemarie.org\/blog\/wp-json\/wp\/v2\/types\/post"}],"author":[{"embeddable":true,"href":"https:\/\/www.associationdemarie.org\/blog\/wp-json\/wp\/v2\/users\/2"}],"replies":[{"embeddable":true,"href":"https:\/\/www.associationdemarie.org\/blog\/wp-json\/wp\/v2\/comments?post=10610"}],"version-history":[{"count":2,"href":"https:\/\/www.associationdemarie.org\/blog\/wp-json\/wp\/v2\/posts\/10610\/revisions"}],"predecessor-version":[{"id":10613,"href":"https:\/\/www.associationdemarie.org\/blog\/wp-json\/wp\/v2\/posts\/10610\/revisions\/10613"}],"wp:attachment":[{"href":"https:\/\/www.associationdemarie.org\/blog\/wp-json\/wp\/v2\/media?parent=10610"}],"wp:term":[{"taxonomy":"category","embeddable":true,"href":"https:\/\/www.associationdemarie.org\/blog\/wp-json\/wp\/v2\/categories?post=10610"},{"taxonomy":"post_tag","embeddable":true,"href":"https:\/\/www.associationdemarie.org\/blog\/wp-json\/wp\/v2\/tags?post=10610"}],"curies":[{"name":"wp","href":"https:\/\/api.w.org\/{rel}","templated":true}]}}