{"id":10599,"date":"2015-01-10T15:38:11","date_gmt":"2015-01-10T14:38:11","guid":{"rendered":"http:\/\/www.associationdemarie.org\/blog\/?p=10599"},"modified":"2015-01-10T15:38:11","modified_gmt":"2015-01-10T14:38:11","slug":"neuvaine-a-ste-therese-2","status":"publish","type":"post","link":"https:\/\/www.associationdemarie.org\/blog\/neuvaine-a-ste-therese-2\/","title":{"rendered":"Neuvaine \u00e0 Ste Th\u00e9r\u00e8se"},"content":{"rendered":"<p><iframe loading=\"lazy\" title=\"Pri\u00e8res des neuvaines pour Ardouane - neuvaine \u00e0 Ste The\u0301re\u0300se\" width=\"500\" height=\"281\" src=\"https:\/\/www.youtube.com\/embed\/pru-rPAxY_w?feature=oembed\" frameborder=\"0\" allow=\"accelerometer; autoplay; clipboard-write; encrypted-media; gyroscope; picture-in-picture; web-share\" referrerpolicy=\"strict-origin-when-cross-origin\" allowfullscreen><\/iframe><\/p>\n<p>&nbsp;<\/p>\n<p>&nbsp;<\/p>\n<p><img loading=\"lazy\" decoding=\"async\" class=\"alignleft size-full wp-image-4126\" alt=\"audio\" src=\"https:\/\/www.associationdemarie.org\/blog\/wp-content\/uploads\/2011\/09\/images.jpeg\" width=\"48\" height=\"48\" \/><\/p>\n<p>&nbsp;<\/p>\n<p>Ecouter la pri\u00e8re \u00e0 Ste Th\u00e9r\u00e8se au format MP3<\/p>\n<audio class=\"wp-audio-shortcode\" id=\"audio-10599-1\" preload=\"none\" style=\"width: 100%;\" controls=\"controls\"><source type=\"audio\/mpeg\" src=\"https:\/\/www.associationdemarie.org\/blog\/wp-content\/uploads\/2015\/01\/pri\u00e8re-neuvaine-\u00e0-Ste-Th\u00e9r\u00e8se.mp3?_=1\" \/><a href=\"https:\/\/www.associationdemarie.org\/blog\/wp-content\/uploads\/2015\/01\/pri\u00e8re-neuvaine-\u00e0-Ste-Th\u00e9r\u00e8se.mp3\">https:\/\/www.associationdemarie.org\/blog\/wp-content\/uploads\/2015\/01\/pri\u00e8re-neuvaine-\u00e0-Ste-Th\u00e9r\u00e8se.mp3<\/a><\/audio>\n<p>&nbsp;<\/p>\n<p>&nbsp;<\/p>\n<p>&nbsp;<\/p>\n<p>&nbsp;<\/p>\n","protected":false},"excerpt":{"rendered":"<p>&nbsp; &nbsp; &nbsp; Ecouter la pri\u00e8re \u00e0 Ste Th\u00e9r\u00e8se au format MP3 &nbsp; &nbsp; &nbsp; &nbsp;<\/p>\n","protected":false},"author":2,"featured_media":0,"comment_status":"closed","ping_status":"closed","sticky":false,"template":"","format":"standard","meta":{"footnotes":""},"categories":[2,5,14,17,19,27],"tags":[240,520,616,712,719,832,1107],"class_list":["post-10599","post","type-post","status-publish","format-standard","hentry","category-actualites","category-bulletin","category-groupe-prieres","category-maison-de-marie-dardouane","category-messages","category-prieres","tag-college-st-benoit","tag-je-vous-salue","tag-maison-de-marie","tag-neuvaine","tag-notre-pere","tag-priere-et-chants","tag-ste-therese"],"_links":{"self":[{"href":"https:\/\/www.associationdemarie.org\/blog\/wp-json\/wp\/v2\/posts\/10599","targetHints":{"allow":["GET"]}}],"collection":[{"href":"https:\/\/www.associationdemarie.org\/blog\/wp-json\/wp\/v2\/posts"}],"about":[{"href":"https:\/\/www.associationdemarie.org\/blog\/wp-json\/wp\/v2\/types\/post"}],"author":[{"embeddable":true,"href":"https:\/\/www.associationdemarie.org\/blog\/wp-json\/wp\/v2\/users\/2"}],"replies":[{"embeddable":true,"href":"https:\/\/www.associationdemarie.org\/blog\/wp-json\/wp\/v2\/comments?post=10599"}],"version-history":[{"count":2,"href":"https:\/\/www.associationdemarie.org\/blog\/wp-json\/wp\/v2\/posts\/10599\/revisions"}],"predecessor-version":[{"id":10602,"href":"https:\/\/www.associationdemarie.org\/blog\/wp-json\/wp\/v2\/posts\/10599\/revisions\/10602"}],"wp:attachment":[{"href":"https:\/\/www.associationdemarie.org\/blog\/wp-json\/wp\/v2\/media?parent=10599"}],"wp:term":[{"taxonomy":"category","embeddable":true,"href":"https:\/\/www.associationdemarie.org\/blog\/wp-json\/wp\/v2\/categories?post=10599"},{"taxonomy":"post_tag","embeddable":true,"href":"https:\/\/www.associationdemarie.org\/blog\/wp-json\/wp\/v2\/tags?post=10599"}],"curies":[{"name":"wp","href":"https:\/\/api.w.org\/{rel}","templated":true}]}}