{"id":10591,"date":"2015-01-23T02:45:58","date_gmt":"2015-01-23T01:45:58","guid":{"rendered":"http:\/\/www.associationdemarie.org\/blog\/?p=10591"},"modified":"2015-01-08T20:48:14","modified_gmt":"2015-01-08T19:48:14","slug":"il-en-institua-douze-pour-quils-soient-avec-lui-et-pour-les-envoyer-precher","status":"publish","type":"post","link":"https:\/\/www.associationdemarie.org\/blog\/il-en-institua-douze-pour-quils-soient-avec-lui-et-pour-les-envoyer-precher\/","title":{"rendered":"\u00ab Il en institua douze pour qu&rsquo;ils soient avec lui, et pour les envoyer pr\u00eacher. \u00bb"},"content":{"rendered":"<p style=\"text-align: center;\"><a href=\"https:\/\/www.associationdemarie.org\/blog\/wp-content\/uploads\/2015\/01\/st-pierre-recevant-les-clefs.jpg\"><img loading=\"lazy\" decoding=\"async\" class=\"aligncenter  wp-image-10592\" alt=\"st-pierre-recevant-les-clefs\" src=\"https:\/\/www.associationdemarie.org\/blog\/wp-content\/uploads\/2015\/01\/st-pierre-recevant-les-clefs.jpg\" width=\"366\" height=\"491\" srcset=\"https:\/\/www.associationdemarie.org\/blog\/wp-content\/uploads\/2015\/01\/st-pierre-recevant-les-clefs.jpg 571w, https:\/\/www.associationdemarie.org\/blog\/wp-content\/uploads\/2015\/01\/st-pierre-recevant-les-clefs-223x300.jpg 223w\" sizes=\"auto, (max-width: 366px) 100vw, 366px\" \/><\/a><\/p>\n<p>Les bienheureux ap\u00f4tres&#8230;ont vu, les premiers, le Christ pendu \u00e0 la croix, ils ont pleur\u00e9 sa mort, ils ont \u00e9t\u00e9 saisis d&rsquo;effroi devant le prodige de sa r\u00e9surrection, mais bient\u00f4t, transport\u00e9s d&rsquo;amour par cette manifestation de sa puissance, ils n&rsquo;ont plus h\u00e9sit\u00e9 \u00e0 verser leur sang pour attester la v\u00e9rit\u00e9 de ce qu&rsquo;ils avaient vu. Pensez, mes fr\u00e8res, \u00e0 ce qui \u00e9tait demand\u00e9 \u00e0 ces hommes : partir dans le monde entier pr\u00eacher qu&rsquo;un homme mort \u00e9tait ressuscit\u00e9 et mont\u00e9 au ciel, souffrir pour la pr\u00e9dication de cette v\u00e9rit\u00e9 tout ce qui plairait \u00e0 un monde insens\u00e9 : privations, exil, cha\u00eenes, tourments, b\u00fbchers, b\u00eates f\u00e9roces, des croix et la mort. \u00c9tait-ce pour un objet inconnu ?<\/p>\n<p>\u00c9tait-ce pour sa gloire que Pierre mourait ? Pour son avantage qu&rsquo;il pr\u00eachait ? Lui, il mourait ; un autre que lui \u00e9tait glorifi\u00e9. Lui, il \u00e9tait tu\u00e9 ; un autre ador\u00e9. Seule la flamme ardente de la charit\u00e9 unie \u00e0 la conviction de la v\u00e9rit\u00e9 peut expliquer une pareille audace ! Ce qu&rsquo;ils ont pr\u00each\u00e9, ils l&rsquo;avaient vu. On ne meurt pas pour une v\u00e9rit\u00e9 dont on n&rsquo;est pas s\u00fbr. Ou bien, devaient-ils nier ce qu&rsquo;ils avaient vu ? Ils ne l&rsquo;ont pas ni\u00e9 : ils ont pr\u00each\u00e9 ce mort qu&rsquo;ils savaient tout \u00e0 fait vivant ; ils savaient pour quelle vie ils m\u00e9prisaient la vie pr\u00e9sente. Ils savaient pour quel bonheur ils supportaient des \u00e9preuves passag\u00e8res, pour quelle r\u00e9compense ils foulaient aux pieds toutes ces souffrances. Leur foi ! Elle pesait dans la balance plus que le monde entier.<\/p>\n<p>Saint Augustin (354-430), \u00e9v\u00eaque d&rsquo;Hippone (Afrique du Nord) et docteur de l&rsquo;\u00c9glise<br \/>\n<i>Sermon 311, 2<\/i><\/p>\n<p>&nbsp;<\/p>\n<p>&nbsp;<\/p>\n<p>&nbsp;<\/p>\n<p>&nbsp;<\/p>\n","protected":false},"excerpt":{"rendered":"<p>Les bienheureux ap\u00f4tres&#8230;ont vu, les premiers, le Christ pendu \u00e0 la croix, ils ont pleur\u00e9 sa mort, ils ont \u00e9t\u00e9 saisis d&rsquo;effroi devant le prodige de sa r\u00e9surrection, mais bient\u00f4t, transport\u00e9s d&rsquo;amour par cette manifestation de sa puissance, ils n&rsquo;ont plus h\u00e9sit\u00e9 \u00e0 verser leur sang pour attester la v\u00e9rit\u00e9 de ce qu&rsquo;ils avaient vu. [&hellip;]<\/p>\n","protected":false},"author":2,"featured_media":0,"comment_status":"closed","ping_status":"closed","sticky":false,"template":"","format":"standard","meta":{"footnotes":""},"categories":[3,13,1261,26,28],"tags":[84,305,425,536,647,1012,1071],"class_list":["post-10591","post","type-post","status-publish","format-standard","hentry","category-liturgique","category-ecritures","category-enseignement-2","category-priere-des-ames","category-saints-et-saintes","tag-apotres","tag-disciples","tag-foi","tag-jesus-christ","tag-martyr","tag-st-augustin","tag-st-pierre"],"_links":{"self":[{"href":"https:\/\/www.associationdemarie.org\/blog\/wp-json\/wp\/v2\/posts\/10591","targetHints":{"allow":["GET"]}}],"collection":[{"href":"https:\/\/www.associationdemarie.org\/blog\/wp-json\/wp\/v2\/posts"}],"about":[{"href":"https:\/\/www.associationdemarie.org\/blog\/wp-json\/wp\/v2\/types\/post"}],"author":[{"embeddable":true,"href":"https:\/\/www.associationdemarie.org\/blog\/wp-json\/wp\/v2\/users\/2"}],"replies":[{"embeddable":true,"href":"https:\/\/www.associationdemarie.org\/blog\/wp-json\/wp\/v2\/comments?post=10591"}],"version-history":[{"count":1,"href":"https:\/\/www.associationdemarie.org\/blog\/wp-json\/wp\/v2\/posts\/10591\/revisions"}],"predecessor-version":[{"id":10593,"href":"https:\/\/www.associationdemarie.org\/blog\/wp-json\/wp\/v2\/posts\/10591\/revisions\/10593"}],"wp:attachment":[{"href":"https:\/\/www.associationdemarie.org\/blog\/wp-json\/wp\/v2\/media?parent=10591"}],"wp:term":[{"taxonomy":"category","embeddable":true,"href":"https:\/\/www.associationdemarie.org\/blog\/wp-json\/wp\/v2\/categories?post=10591"},{"taxonomy":"post_tag","embeddable":true,"href":"https:\/\/www.associationdemarie.org\/blog\/wp-json\/wp\/v2\/tags?post=10591"}],"curies":[{"name":"wp","href":"https:\/\/api.w.org\/{rel}","templated":true}]}}