{"id":10527,"date":"2015-01-11T01:53:07","date_gmt":"2015-01-11T00:53:07","guid":{"rendered":"http:\/\/www.associationdemarie.org\/blog\/?p=10527"},"modified":"2014-12-28T11:56:44","modified_gmt":"2014-12-28T10:56:44","slug":"fete-du-bapteme-du-seigneur-2","status":"publish","type":"post","link":"https:\/\/www.associationdemarie.org\/blog\/fete-du-bapteme-du-seigneur-2\/","title":{"rendered":"F\u00eate du Bapt\u00eame du Seigneur"},"content":{"rendered":"<p><a href=\"https:\/\/www.associationdemarie.org\/blog\/wp-content\/uploads\/2014\/12\/Battesimo_di_Gesu_R.jpg\"><img loading=\"lazy\" decoding=\"async\" class=\"alignright  wp-image-10528\" alt=\"Battesimo_di_Gesu_R\" src=\"https:\/\/www.associationdemarie.org\/blog\/wp-content\/uploads\/2014\/12\/Battesimo_di_Gesu_R.jpg\" width=\"193\" height=\"374\" \/><\/a>Chers fr\u00e8res et s\u0153urs,<\/p>\n<p>Avec la f\u00eate du Bapt\u00eame de J\u00e9sus, que nous c\u00e9l\u00e9brons aujourd&rsquo;hui, s&rsquo;ach\u00e8ve le temps liturgique de No\u00ebl. L&rsquo;Enfant que les Mages \u00e9taient venus adorer de l&rsquo;Orient, \u00e0 Bethl\u00e9em, en offrant leurs dons symboliques, nous le retrouvons maintenant adulte, au moment o\u00f9 il se fait baptiser dans le fleuve du Jourdain par le grand proph\u00e8te Jean (<em>cf. Mt 3, 13<\/em>).<\/p>\n<p>L&rsquo;\u00c9vangile fait remarquer que lorsque J\u00e9sus sortit de l&rsquo;eau apr\u00e8s avoir re\u00e7u le bapt\u00eame, les cieux s&rsquo;ouvrirent et l&rsquo;Esprit Saint descendit sur lui comme une colombe (<em>cf. Mt 3, 16<\/em>). On entendit alors une voix venue du ciel qui disait : \u00ab\u00a0<em>Celui-ci est mon Fils bien-aim\u00e9; en lui j&rsquo;ai mis tout mon amour\u00a0<\/em>\u00bb (<em>Mt 3, 17<\/em>). Ce fut sa premi\u00e8re manifestation publique apr\u00e8s environ trente ans de vie cach\u00e9e \u00e0 Nazareth. Outre Jean Baptiste, ses disciples furent \u00e9galement des t\u00e9moins oculaires de cet \u00e9v\u00e9nement singulier. Certains d&rsquo;entre eux commenc\u00e8rent \u00e0 le suivre \u00e0 partir de ce moment (<em>cf. Jn 1, 35-40<\/em>). Ce fut dans le m\u00eame temps une christophanie et une th\u00e9ophanie\u00a0: tout d&rsquo;abord J\u00e9sus se manifesta en tant que Christ, terme grec traduisant le mot h\u00e9breu Messia, qui signifie \u00ab\u00a0<em>oint<\/em>\u00a0\u00bb : Il ne fut pas\u00a0<em>oint<\/em>\u00a0avec de l&rsquo;huile \u00e0 la mani\u00e8re des rois et des grands pr\u00eatres d&rsquo;Isra\u00ebl, mais avec l&rsquo;Esprit Saint. Dans le m\u00eame temps, aux c\u00f4t\u00e9s du Fils de Dieu apparurent les signes de l&rsquo;Esprit Saint et du P\u00e8re c\u00e9leste.<\/p>\n<p>Quelle est la signification de cet acte que J\u00e9sus a voulu accomplir, en vainquant la r\u00e9sistance du Baptiste, pour ob\u00e9ir \u00e0 la volont\u00e9 du P\u00e8re (<em>cf. Mt 3, 14-15<\/em>) ? Son sens profond n&rsquo;appara\u00eetra qu&rsquo;\u00e0 la fin de l&rsquo;existence terrestre du Christ, c&rsquo;est-\u00e0-dire dans sa mort et sa r\u00e9surrection. En se faisant baptiser par Jean en m\u00eame temps que les p\u00e9cheurs, J\u00e9sus a commenc\u00e9 \u00e0 prendre sur lui le poids de la faute de l&rsquo;humanit\u00e9 tout enti\u00e8re, comme Agneau de Dieu qui\u00a0<em>enl\u00e8ve<\/em>\u00a0le p\u00e9ch\u00e9 du monde (<em>cf. Jn 1, 29<\/em>). Une \u0153uvre qu&rsquo;Il a accomplie pleinement sur la croix, lorsqu&rsquo;il a re\u00e7u \u00e9galement son\u00a0<em>bapt\u00eame<\/em>\u00a0(<em>cf. Lc 12, 50<\/em>). En effet, en mourant il s&rsquo;<em>immerge<\/em>\u00a0dans l&rsquo;amour du P\u00e8re et r\u00e9pand l&rsquo;Esprit Saint, afin que ceux qui croient en Lui puissent rena\u00eetre de cette source intarissable de vie nouvelle et \u00e9ternelle. Toute la mission du Christ se r\u00e9sume ainsi : nous baptiser dans l&rsquo;Esprit Saint, pour nous lib\u00e9rer de l&rsquo;esclavage de la mort et\u00a0<em>nous ouvrir le ciel<\/em>, c&rsquo;est-\u00e0-dire l&rsquo;acc\u00e8s \u00e0 la vie v\u00e9ritable et pleine, qui sera \u00ab\u00a0<em>une immersion toujours nouvelle dans l&rsquo;immensit\u00e9 de l&rsquo;\u00eatre, tandis que nous sommes simplement combl\u00e9s de joie<\/em>\u00a0\u00bb (<em><a href=\"http:\/\/www.vatican.va\/holy_father\/benedict_xvi\/encyclicals\/documents\/hf_ben-xvi_enc_20071130_spe-salvi_fr.html\">Spe salvi<\/a>, n. 12<\/em>).<\/p>\n<p>[&#8230;] prions pour tous les chr\u00e9tiens afin qu&rsquo;ils comprennent toujours mieux le don du Bapt\u00eame et s&rsquo;engagent \u00e0 le vivre avec coh\u00e9rence, en t\u00e9moignant de l&rsquo;amour du P\u00e8re, du Fils et du Saint Esprit.<\/p>\n<p>Je vous souhaite \u00e0 tous un bon dimanche<\/p>\n<p>Beno\u00eet XVI<\/p>\n<p><span style=\"line-height: 1.5em;\">\u00a9 Copyright 2008 &#8211; Libreria Editrice Vaticana<\/span><\/p>\n<p>&nbsp;<\/p>\n<p>&nbsp;<\/p>\n<p>&nbsp;<\/p>\n","protected":false},"excerpt":{"rendered":"<p>Chers fr\u00e8res et s\u0153urs, Avec la f\u00eate du Bapt\u00eame de J\u00e9sus, que nous c\u00e9l\u00e9brons aujourd&rsquo;hui, s&rsquo;ach\u00e8ve le temps liturgique de No\u00ebl. L&rsquo;Enfant que les Mages \u00e9taient venus adorer de l&rsquo;Orient, \u00e0 Bethl\u00e9em, en offrant leurs dons symboliques, nous le retrouvons maintenant adulte, au moment o\u00f9 il se fait baptiser dans le fleuve du Jourdain par [&hellip;]<\/p>\n","protected":false},"author":2,"featured_media":0,"comment_status":"closed","ping_status":"closed","sticky":false,"template":"","format":"standard","meta":{"footnotes":""},"categories":[3,13,28],"tags":[131,142,1382,548,1042],"class_list":["post-10527","post","type-post","status-publish","format-standard","hentry","category-liturgique","category-ecritures","category-saints-et-saintes","tag-bapteme","tag-benoit-16","tag-ecritures","tag-jourdain","tag-st-jean-baptiste"],"_links":{"self":[{"href":"https:\/\/www.associationdemarie.org\/blog\/wp-json\/wp\/v2\/posts\/10527","targetHints":{"allow":["GET"]}}],"collection":[{"href":"https:\/\/www.associationdemarie.org\/blog\/wp-json\/wp\/v2\/posts"}],"about":[{"href":"https:\/\/www.associationdemarie.org\/blog\/wp-json\/wp\/v2\/types\/post"}],"author":[{"embeddable":true,"href":"https:\/\/www.associationdemarie.org\/blog\/wp-json\/wp\/v2\/users\/2"}],"replies":[{"embeddable":true,"href":"https:\/\/www.associationdemarie.org\/blog\/wp-json\/wp\/v2\/comments?post=10527"}],"version-history":[{"count":2,"href":"https:\/\/www.associationdemarie.org\/blog\/wp-json\/wp\/v2\/posts\/10527\/revisions"}],"predecessor-version":[{"id":10530,"href":"https:\/\/www.associationdemarie.org\/blog\/wp-json\/wp\/v2\/posts\/10527\/revisions\/10530"}],"wp:attachment":[{"href":"https:\/\/www.associationdemarie.org\/blog\/wp-json\/wp\/v2\/media?parent=10527"}],"wp:term":[{"taxonomy":"category","embeddable":true,"href":"https:\/\/www.associationdemarie.org\/blog\/wp-json\/wp\/v2\/categories?post=10527"},{"taxonomy":"post_tag","embeddable":true,"href":"https:\/\/www.associationdemarie.org\/blog\/wp-json\/wp\/v2\/tags?post=10527"}],"curies":[{"name":"wp","href":"https:\/\/api.w.org\/{rel}","templated":true}]}}