{"id":10512,"date":"2015-01-09T01:21:57","date_gmt":"2015-01-09T00:21:57","guid":{"rendered":"http:\/\/www.associationdemarie.org\/blog\/?p=10512"},"modified":"2014-12-23T12:24:29","modified_gmt":"2014-12-23T11:24:29","slug":"jesus-etendit-la-main-le-toucha-et-lui-dit-je-le-veux-sois-purifie","status":"publish","type":"post","link":"https:\/\/www.associationdemarie.org\/blog\/jesus-etendit-la-main-le-toucha-et-lui-dit-je-le-veux-sois-purifie\/","title":{"rendered":"\u00ab J\u00e9sus \u00e9tendit la main, le toucha et lui dit : &lsquo; Je le veux, sois purifi\u00e9. &lsquo; \u00bb"},"content":{"rendered":"<p style=\"text-align: center;\"><a href=\"https:\/\/www.associationdemarie.org\/blog\/wp-content\/uploads\/2014\/12\/main-tendue.jpg\"><img loading=\"lazy\" decoding=\"async\" class=\"aligncenter  wp-image-10513\" alt=\"main-tendue\" src=\"https:\/\/www.associationdemarie.org\/blog\/wp-content\/uploads\/2014\/12\/main-tendue.jpg\" width=\"468\" height=\"351\" srcset=\"https:\/\/www.associationdemarie.org\/blog\/wp-content\/uploads\/2014\/12\/main-tendue.jpg 600w, https:\/\/www.associationdemarie.org\/blog\/wp-content\/uploads\/2014\/12\/main-tendue-300x225.jpg 300w\" sizes=\"auto, (max-width: 468px) 100vw, 468px\" \/><\/a><\/p>\n<p>Oh, que j&rsquo;admire cette main\u00a0! Cette \u00ab\u00a0main de mon Bien-Aim\u00e9, d&rsquo;or rehauss\u00e9 de pierreries \u00bb (Ct 5,14). Cette main dont le contact d\u00e9lie la langue du muet, ressuscite la fille de Ja\u00efre (Mc 7,33 ;5,41) et purifie le l\u00e9preux. Cette main dont le proph\u00e8te Isa\u00efe nous dit\u00a0: \u00ab\u00a0Elle seule a fait tous ces prodiges\u00a0! \u00bb (66,2)<\/p>\n<p>\u00c9tendre la main, c&rsquo;est donner un pr\u00e9sent. \u00d4 Seigneur, \u00e9tends ta main \u2014 cette main que le bourreau \u00e9tendra sur la croix. Touche le l\u00e9preux et fais-lui largesse. Tout ce que ta main touchera sera purifi\u00e9 et gu\u00e9ri. \u00ab\u00a0Il toucha l&rsquo;oreille de Malchus, dit saint Luc, et le gu\u00e9rit \u00bb (22,51). Il \u00e9tend la main pour accorder au l\u00e9preux le don de la sant\u00e9. Il dit\u00a0: \u00ab\u00a0Je le veux, sois gu\u00e9ri \u00bb et aussit\u00f4t la l\u00e8pre est gu\u00e9rie ; \u00ab\u00a0tout ce qu&rsquo;il veut il le fait \u00bb (Ps 113B,3). En lui, rien ne s\u00e9pare vouloir et accomplir.<\/p>\n<p>Or, cette gu\u00e9rison instantan\u00e9e, Dieu l&rsquo;op\u00e8re chaque jour dans l&rsquo;\u00e2me du p\u00e9cheur par le minist\u00e8re du pr\u00eatre. Le pr\u00eatre a un triple office\u00a0: il doit \u00e9tendre la main, c&rsquo;est-\u00e0-dire prier pour le p\u00e9cheur et avoir piti\u00e9 de lui ; il doit le toucher, le consoler, lui promettre le pardon ; il doit vouloir ce pardon et le donner par l&rsquo;absolution. Tel est le triple minist\u00e8re pastoral que le Seigneur confie \u00e0 Pierre quand il lui dit par trois fois\u00a0: \u00ab\u00a0Sois le pasteur de mes brebis \u00bb (Jn 21,15s).<\/p>\n<p>Saint Antoine de Padoue (v. 1195-1231), franciscain, docteur de l&rsquo;\u00c9glise<br \/>\n<i>Sermons pour le dimanche et les f\u00eates des saints (trad. Bayart, Eds. franciscaines 1944, p. 71)<\/i><\/p>\n<p>&nbsp;<\/p>\n<p>&nbsp;<\/p>\n<p>&nbsp;<\/p>\n","protected":false},"excerpt":{"rendered":"<p>Oh, que j&rsquo;admire cette main\u00a0! Cette \u00ab\u00a0main de mon Bien-Aim\u00e9, d&rsquo;or rehauss\u00e9 de pierreries \u00bb (Ct 5,14). Cette main dont le contact d\u00e9lie la langue du muet, ressuscite la fille de Ja\u00efre (Mc 7,33 ;5,41) et purifie le l\u00e9preux. Cette main dont le proph\u00e8te Isa\u00efe nous dit\u00a0: \u00ab\u00a0Elle seule a fait tous ces prodiges\u00a0! \u00bb [&hellip;]<\/p>\n","protected":false},"author":2,"featured_media":0,"comment_status":"closed","ping_status":"closed","sticky":false,"template":"","format":"standard","meta":{"footnotes":""},"categories":[3,13,28],"tags":[1382,337,465,612,827,1010],"class_list":["post-10512","post","type-post","status-publish","format-standard","hentry","category-liturgique","category-ecritures","category-saints-et-saintes","tag-ecritures","tag-eglise-universelle","tag-guerison","tag-main","tag-pretres","tag-st-antoine-de-padoue"],"_links":{"self":[{"href":"https:\/\/www.associationdemarie.org\/blog\/wp-json\/wp\/v2\/posts\/10512","targetHints":{"allow":["GET"]}}],"collection":[{"href":"https:\/\/www.associationdemarie.org\/blog\/wp-json\/wp\/v2\/posts"}],"about":[{"href":"https:\/\/www.associationdemarie.org\/blog\/wp-json\/wp\/v2\/types\/post"}],"author":[{"embeddable":true,"href":"https:\/\/www.associationdemarie.org\/blog\/wp-json\/wp\/v2\/users\/2"}],"replies":[{"embeddable":true,"href":"https:\/\/www.associationdemarie.org\/blog\/wp-json\/wp\/v2\/comments?post=10512"}],"version-history":[{"count":2,"href":"https:\/\/www.associationdemarie.org\/blog\/wp-json\/wp\/v2\/posts\/10512\/revisions"}],"predecessor-version":[{"id":10515,"href":"https:\/\/www.associationdemarie.org\/blog\/wp-json\/wp\/v2\/posts\/10512\/revisions\/10515"}],"wp:attachment":[{"href":"https:\/\/www.associationdemarie.org\/blog\/wp-json\/wp\/v2\/media?parent=10512"}],"wp:term":[{"taxonomy":"category","embeddable":true,"href":"https:\/\/www.associationdemarie.org\/blog\/wp-json\/wp\/v2\/categories?post=10512"},{"taxonomy":"post_tag","embeddable":true,"href":"https:\/\/www.associationdemarie.org\/blog\/wp-json\/wp\/v2\/tags?post=10512"}],"curies":[{"name":"wp","href":"https:\/\/api.w.org\/{rel}","templated":true}]}}