{"id":1051,"date":"2010-06-02T06:07:00","date_gmt":"2010-06-02T06:07:00","guid":{"rendered":"http:\/\/preprod.meltem-int.com\/marie\/blog\/?p=1051"},"modified":"2010-06-02T06:07:00","modified_gmt":"2010-06-02T06:07:00","slug":"neuvaines","status":"publish","type":"post","link":"https:\/\/www.associationdemarie.org\/blog\/neuvaines\/","title":{"rendered":"neuvaines"},"content":{"rendered":"<p><strong>Aujourd&rsquo;hui, 2 juin, commence la neuvaine \u00e0 St Paul pour l&rsquo;ouverture de la Maison d&rsquo;Ardouane.<\/strong><\/p>\n<p>Vous pouvez retrouver les modalit\u00e9s sur le site de l&rsquo;association : <a href=\"http:\/\/www.associationdemarie.org\">www.associationdemarie.org <\/a>(rubrique pri\u00e8res et chants).<\/p>\n<p><a href=\"https:\/\/www.associationdemarie.org\/blog\/wp-content\/uploads\/2010\/06\/SACRE-COEUR-DE-JESUS.gif\"><img loading=\"lazy\" decoding=\"async\" class=\"alignleft size-full wp-image-1052\" title=\"SACRE COEUR DE JESUS\" src=\"https:\/\/www.associationdemarie.org\/blog\/wp-content\/uploads\/2010\/06\/SACRE-COEUR-DE-JESUS.gif\" alt=\"\" width=\"215\" height=\"300\" \/><\/a><strong>Nous vous proposons dans le m\u00eame temps, la neuvaine au Sacr\u00e9 Coeur de J\u00e9sus du Padre PIO.<\/strong> Marie ne cesse de nous rappeler l&rsquo;importance de cette d\u00e9votion.<\/p>\n<p><em>Padre Pio (1887-1968) invitait des fid\u00e8les qui se recommandaient \u00e0 ses pri\u00e8res \u00e0 r\u00e9citer pendant neuf jours la pri\u00e8re suivante qu\u2019il a compos\u00e9e et qu\u2019il r\u00e9citait lui-m\u00eame chaque jour.<\/em><\/p>\n<p>I. O mon J\u00e9sus, qui avez dit\u00a0:\u00a0\u00ab\u00a0 En v\u00e9rit\u00e9 je vous le dis, demandez et vous recevrez, cherchez et vous trouverez, frappez et il vous sera r\u00e9pondu\u00a0!\u00a0\u00bb, voici que je frappe, je cherche, je demande la gr\u00e2ce de \u2026\u2026\u2026<\/p>\n<p>Un Notre P\u00e8re. Un Je vous salue Marie. Un Gloire \u00e0 Dieu&#8230;<\/p>\n<p>Sacr\u00e9-C\u0153ur de J\u00e9sus, j\u2019ai confiance en vous et\u00a0 j\u2019esp\u00e8re en vous.<\/p>\n<p>II. O mon J\u00e9sus, qui avez dit\u00a0: \u00ab\u00a0En v\u00e9rit\u00e9 je vous le dis, tout ce que vous demanderez \u00e0 mon P\u00e8re en mon Nom, Il vous l\u2019accordera\u00a0!\u00a0\u00bb, voici qu\u2019\u00e0 votre P\u00e8re, en votre Nom, je demande la gr\u00e2ce de \u2026\u2026.<\/p>\n<p>Un Notre P\u00e8re. Un Je vous salue Marie. Un Gloire \u00e0 Dieu&#8230;<\/p>\n<p>Sacr\u00e9-C\u0153ur de J\u00e9sus, j\u2019ai confiance en vous et\u00a0 j\u2019esp\u00e8re en vous.<\/p>\n<p>III. O mon J\u00e9sus, qui avez dit\u00a0:\u00a0\u00ab\u00a0En v\u00e9rit\u00e9 je vous le dis, le ciel et la terre passeront, mais Mes paroles ne passeront point\u00a0!\u00a0\u00bb, voici que m\u2019appuyant sur l\u2019infaillibilit\u00e9 de vos saintes paroles, je demande la gr\u00e2ce de \u2026\u2026..<\/p>\n<p>Un Notre P\u00e8re. Un Je vous salue Marie. Un Gloire \u00e0 Dieu&#8230;<\/p>\n<p>Sacr\u00e9-C\u0153ur de J\u00e9sus, j\u2019ai confiance en vous et\u00a0 j\u2019esp\u00e8re en vous.<\/p>\n<p>Pri\u00e8re\u00a0: O Sacr\u00e9-C\u0153ur de J\u00e9sus, \u00e0 qui il est impossible de ne pas avoir compassion des malheureux, ayez piti\u00e9 de nous pauvres p\u00e9cheurs, et accordez-nous la gr\u00e2ce que nous vous demandons par l\u2019intercession du C\u0153ur Immacul\u00e9 de Marie, Votre et notre tendre M\u00e8re.<\/p>\n<p>Saint Joseph, P\u00e8re adoptif du Sacr\u00e9 C\u0153ur de J\u00e9sus, priez pour nous.<\/p>\n<p>Salve Regina ou Je vous Salue Marie.<\/p>\n","protected":false},"excerpt":{"rendered":"<p>Aujourd&rsquo;hui, 2 juin, commence la neuvaine \u00e0 St Paul pour l&rsquo;ouverture de la Maison d&rsquo;Ardouane. Vous pouvez retrouver les modalit\u00e9s sur le site de l&rsquo;association : www.associationdemarie.org (rubrique pri\u00e8res et chants). Nous vous proposons dans le m\u00eame temps, la neuvaine au Sacr\u00e9 Coeur de J\u00e9sus du Padre PIO. Marie ne cesse de nous rappeler l&rsquo;importance [&hellip;]<\/p>\n","protected":false},"author":2,"featured_media":0,"comment_status":"closed","ping_status":"closed","sticky":false,"template":"","format":"standard","meta":{"footnotes":""},"categories":[17,27],"tags":[99,712,752,830,914,1068],"class_list":["post-1051","post","type-post","status-publish","format-standard","hentry","category-maison-de-marie-dardouane","category-prieres","tag-ardouane","tag-neuvaine","tag-padre-pio","tag-priere","tag-sacre-coeur-de-jesus","tag-st-paul"],"_links":{"self":[{"href":"https:\/\/www.associationdemarie.org\/blog\/wp-json\/wp\/v2\/posts\/1051","targetHints":{"allow":["GET"]}}],"collection":[{"href":"https:\/\/www.associationdemarie.org\/blog\/wp-json\/wp\/v2\/posts"}],"about":[{"href":"https:\/\/www.associationdemarie.org\/blog\/wp-json\/wp\/v2\/types\/post"}],"author":[{"embeddable":true,"href":"https:\/\/www.associationdemarie.org\/blog\/wp-json\/wp\/v2\/users\/2"}],"replies":[{"embeddable":true,"href":"https:\/\/www.associationdemarie.org\/blog\/wp-json\/wp\/v2\/comments?post=1051"}],"version-history":[{"count":0,"href":"https:\/\/www.associationdemarie.org\/blog\/wp-json\/wp\/v2\/posts\/1051\/revisions"}],"wp:attachment":[{"href":"https:\/\/www.associationdemarie.org\/blog\/wp-json\/wp\/v2\/media?parent=1051"}],"wp:term":[{"taxonomy":"category","embeddable":true,"href":"https:\/\/www.associationdemarie.org\/blog\/wp-json\/wp\/v2\/categories?post=1051"},{"taxonomy":"post_tag","embeddable":true,"href":"https:\/\/www.associationdemarie.org\/blog\/wp-json\/wp\/v2\/tags?post=1051"}],"curies":[{"name":"wp","href":"https:\/\/api.w.org\/{rel}","templated":true}]}}