{"id":10509,"date":"2015-01-08T01:55:05","date_gmt":"2015-01-08T00:55:05","guid":{"rendered":"http:\/\/www.associationdemarie.org\/blog\/?p=10509"},"modified":"2014-12-21T19:57:20","modified_gmt":"2014-12-21T18:57:20","slug":"dieu-present-en-moi-dans-mes-prieres","status":"publish","type":"post","link":"https:\/\/www.associationdemarie.org\/blog\/dieu-present-en-moi-dans-mes-prieres\/","title":{"rendered":"Dieu pr\u00e9sent en moi dans mes pri\u00e8res"},"content":{"rendered":"<div><span style=\"color: #ffffff;\">.<\/span><\/div>\n<div><a href=\"https:\/\/www.associationdemarie.org\/blog\/wp-content\/uploads\/2014\/12\/prier-jesus.jpg\"><img loading=\"lazy\" decoding=\"async\" class=\"aligncenter  wp-image-10510\" alt=\"prier-jesus\" src=\"https:\/\/www.associationdemarie.org\/blog\/wp-content\/uploads\/2014\/12\/prier-jesus.jpg\" width=\"438\" height=\"286\" srcset=\"https:\/\/www.associationdemarie.org\/blog\/wp-content\/uploads\/2014\/12\/prier-jesus.jpg 548w, https:\/\/www.associationdemarie.org\/blog\/wp-content\/uploads\/2014\/12\/prier-jesus-300x195.jpg 300w\" sizes=\"auto, (max-width: 438px) 100vw, 438px\" \/><\/a><\/div>\n<div><span style=\"color: #ffffff;\">.<\/span><\/div>\n<div>Dans nos journ\u00e9es souvent surcharg\u00e9es, c\u2019est tout un d\u00e9fi de se retirer quelques minutes au fond de son c\u0153ur et d\u2019y puiser l\u2019eau vive de la pri\u00e8re. Il suffit d\u2019y penser, de vouloir y penser, d\u2019offrir par avance nos actions qui peuvent \u00eatre des petits entretiens avec Dieu, sans effort, dans la simplicit\u00e9 du c\u0153ur et la foi amoureuse. Elles sont nombreuses ces \u00ab pauses \u00bb, \u00e0 la maison, en voiture, en m\u00e9tro, au travail, o\u00f9 il est possible de s\u2019\u00e9tablir dans la pr\u00e9sence de Dieu. Notre vie en sera plus heureuse et notre engagement plus f\u00e9cond.<\/div>\n<div>Si nous ne d\u00e9sirons pas prier, nous pouvons toujours d\u00e9sirer vouloir prier. Il suffit de vouloir ce que Dieu veut, ou de vouloir cette volont\u00e9 de lui \u00eatre uni chaque instant. Dieu est plus grand que notre c\u0153ur, nous dit saint Jean, il voit donc ce que nous d\u00e9sirons \u00eatre. Si nous voulons vouloir prier, il prend ce souhait de la volont\u00e9 comme un acte de pri\u00e8re. Notre c\u0153ur ne peut pas mentir dans son d\u00e9sir, dans son amour. Le d\u00e9sir de prier garde notre c\u0153ur allum\u00e9 pour attendre dans une joyeuse esp\u00e9rance la venue impr\u00e9visible du Seigneur.<\/div>\n<div>Plus on d\u00e9sire prier, plus on devient conscient de la pr\u00e9sence de Dieu en soi. Ce d\u00e9sir nourrit la soif de le conna\u00eetre pour mieux l\u2019aimer. Saint Augustin commence ainsi son c\u00e9l\u00e8bre examen de conscience que l\u2019on retrouve au livre X des Confessions : \u00ab Te conna\u00eetre, \u00f4 mon connaisseur! Conna\u00eetre comme je suis connu \u00bb.\u00a0<b>D\u00e9sirer prier, c\u2019est d\u00e9j\u00e0 prier, et \u00eatre connu de Dieu, que l\u2019on soit en voiture, pris dans un bouchon ou \u00e0 un feu rouge, en attente au bureau de poste, \u00e0 la banque, \u00e0 l\u2019h\u00f4pital, etc.<\/b><\/div>\n<div><b>Ce d\u00e9sir de la pri\u00e8re est une gr\u00e2ce que Dieu fait.\u00a0<\/b>S\u2019il nous fait d\u00e9sirer la pri\u00e8re, c\u2019est qu\u2019il veut nous faire le don de la pri\u00e8re, mais il a besoin de notre \u00ab oui \u00bb. Il a soif de notre soif. Le d\u00e9sir de la pri\u00e8re produit la pri\u00e8re, car Dieu est la Pr\u00e9sence aimante que nous portons en nous et dans laquelle on rejoint nos fr\u00e8res et s\u0153urs de la terre.<\/div>\n<div>\u00a0<span style=\"color: #ffffff;\">.<\/span><\/div>\n<div><i>Jacques Gauthier, th\u00e9ologien catholique canadien<\/i><\/div>\n<div><i>Extrait de \u00a0\u00bb La vie est belle\u00a0\u00bb, 10\/2014<\/i><\/div>\n<div><i>jacquesgauthier.com<\/i><\/div>\n","protected":false},"excerpt":{"rendered":"<p>. . Dans nos journ\u00e9es souvent surcharg\u00e9es, c\u2019est tout un d\u00e9fi de se retirer quelques minutes au fond de son c\u0153ur et d\u2019y puiser l\u2019eau vive de la pri\u00e8re. Il suffit d\u2019y penser, de vouloir y penser, d\u2019offrir par avance nos actions qui peuvent \u00eatre des petits entretiens avec Dieu, sans effort, dans la simplicit\u00e9 [&hellip;]<\/p>\n","protected":false},"author":2,"featured_media":0,"comment_status":"closed","ping_status":"closed","sticky":false,"template":"","format":"standard","meta":{"footnotes":""},"categories":[14,26,27],"tags":[295,464,830],"class_list":["post-10509","post","type-post","status-publish","format-standard","hentry","category-groupe-prieres","category-priere-des-ames","category-prieres","tag-dieu","tag-groupe-de-priere","tag-priere"],"_links":{"self":[{"href":"https:\/\/www.associationdemarie.org\/blog\/wp-json\/wp\/v2\/posts\/10509","targetHints":{"allow":["GET"]}}],"collection":[{"href":"https:\/\/www.associationdemarie.org\/blog\/wp-json\/wp\/v2\/posts"}],"about":[{"href":"https:\/\/www.associationdemarie.org\/blog\/wp-json\/wp\/v2\/types\/post"}],"author":[{"embeddable":true,"href":"https:\/\/www.associationdemarie.org\/blog\/wp-json\/wp\/v2\/users\/2"}],"replies":[{"embeddable":true,"href":"https:\/\/www.associationdemarie.org\/blog\/wp-json\/wp\/v2\/comments?post=10509"}],"version-history":[{"count":1,"href":"https:\/\/www.associationdemarie.org\/blog\/wp-json\/wp\/v2\/posts\/10509\/revisions"}],"predecessor-version":[{"id":10511,"href":"https:\/\/www.associationdemarie.org\/blog\/wp-json\/wp\/v2\/posts\/10509\/revisions\/10511"}],"wp:attachment":[{"href":"https:\/\/www.associationdemarie.org\/blog\/wp-json\/wp\/v2\/media?parent=10509"}],"wp:term":[{"taxonomy":"category","embeddable":true,"href":"https:\/\/www.associationdemarie.org\/blog\/wp-json\/wp\/v2\/categories?post=10509"},{"taxonomy":"post_tag","embeddable":true,"href":"https:\/\/www.associationdemarie.org\/blog\/wp-json\/wp\/v2\/tags?post=10509"}],"curies":[{"name":"wp","href":"https:\/\/api.w.org\/{rel}","templated":true}]}}