{"id":10506,"date":"2015-01-07T01:19:19","date_gmt":"2015-01-07T00:19:19","guid":{"rendered":"http:\/\/www.associationdemarie.org\/blog\/?p=10506"},"modified":"2014-12-21T07:22:09","modified_gmt":"2014-12-21T06:22:09","slug":"voyant-quils-se-debattaient-avec-les-rames-il-vient-a-eux-vers-la-fin-de-la-nuit","status":"publish","type":"post","link":"https:\/\/www.associationdemarie.org\/blog\/voyant-quils-se-debattaient-avec-les-rames-il-vient-a-eux-vers-la-fin-de-la-nuit\/","title":{"rendered":"\u00ab Voyant qu&rsquo;ils se d\u00e9battaient avec les rames&#8230;, il vient \u00e0 eux vers la fin de la nuit. \u00bb"},"content":{"rendered":"<p style=\"text-align: center;\"><a href=\"https:\/\/www.associationdemarie.org\/blog\/wp-content\/uploads\/2014\/12\/jesus-marchant-sur-l-eau-et-calmant-la-tempete-1252806009-1295142.jpg\"><img loading=\"lazy\" decoding=\"async\" class=\"aligncenter  wp-image-10507\" alt=\"jesus-marchant-sur-l-eau-et-calmant-la-tempete-1252806009-1295142\" src=\"https:\/\/www.associationdemarie.org\/blog\/wp-content\/uploads\/2014\/12\/jesus-marchant-sur-l-eau-et-calmant-la-tempete-1252806009-1295142.jpg\" width=\"384\" height=\"288\" srcset=\"https:\/\/www.associationdemarie.org\/blog\/wp-content\/uploads\/2014\/12\/jesus-marchant-sur-l-eau-et-calmant-la-tempete-1252806009-1295142.jpg 640w, https:\/\/www.associationdemarie.org\/blog\/wp-content\/uploads\/2014\/12\/jesus-marchant-sur-l-eau-et-calmant-la-tempete-1252806009-1295142-300x225.jpg 300w\" sizes=\"auto, (max-width: 384px) 100vw, 384px\" \/><\/a><\/p>\n<p>Les ap\u00f4tres traversent le lac. J\u00e9sus seul est \u00e0 terre, tandis qu&rsquo;ils s&rsquo;\u00e9puisent \u00e0 ramer sans pouvoir avancer, car le vent est contraire. J\u00e9sus prie et dans sa pri\u00e8re il les voit s&rsquo;efforcer \u00e0 avancer. Il vient donc \u00e0 leur rencontre. Il est clair que ce texte est rempli de symboles eccl\u00e9siologiques\u00a0: les ap\u00f4tres sur la mer et contre le vent, et le Seigneur aupr\u00e8s du P\u00e8re. Mais ce qui est d\u00e9terminant c&rsquo;est que dans sa pri\u00e8re, lorsqu&rsquo;il est \u00ab\u00a0aupr\u00e8s du P\u00e8re \u00bb, il n&rsquo;est pas absent ; bien au contraire, en priant il les voit. Quand J\u00e9sus est aupr\u00e8s du P\u00e8re, il est pr\u00e9sent \u00e0 l&rsquo;\u00c9glise. Le probl\u00e8me de l&rsquo;av\u00e8nement final du Christ est ici approfondi et transform\u00e9 de mani\u00e8re trinitaire\u00a0: J\u00e9sus voit l&rsquo;\u00c9glise dans le P\u00e8re et, par la puissance du P\u00e8re et par la force de son dialogue avec lui, il est pr\u00e9sent aupr\u00e8s d&rsquo;elle. C&rsquo;est justement ce dialogue avec le P\u00e8re lorsqu&rsquo;il \u00ab\u00a0est sur la montagne \u00bb qui le rend pr\u00e9sent, et inversement. L&rsquo;\u00c9glise est pour ainsi dire objet de l&rsquo;entretien entre le P\u00e8re et le Fils, donc elle-m\u00eame ancr\u00e9e dans la vie trinitaire.<\/p>\n<p>Cardinal Joseph Ratzinger [Beno\u00eet XVI, pape de 2005 \u00e0 2013]<br \/>\n<i>Der Gott Jesu Christi (trad. Le Dieu de J\u00e9sus Christ, Fayard 1977, p.82)<\/i><\/p>\n<p>&nbsp;<\/p>\n<p>&nbsp;<\/p>\n<p>&nbsp;<\/p>\n","protected":false},"excerpt":{"rendered":"<p>Les ap\u00f4tres traversent le lac. J\u00e9sus seul est \u00e0 terre, tandis qu&rsquo;ils s&rsquo;\u00e9puisent \u00e0 ramer sans pouvoir avancer, car le vent est contraire. J\u00e9sus prie et dans sa pri\u00e8re il les voit s&rsquo;efforcer \u00e0 avancer. Il vient donc \u00e0 leur rencontre. Il est clair que ce texte est rempli de symboles eccl\u00e9siologiques\u00a0: les ap\u00f4tres sur [&hellip;]<\/p>\n","protected":false},"author":2,"featured_media":0,"comment_status":"closed","ping_status":"closed","sticky":false,"template":"","format":"standard","meta":{"footnotes":""},"categories":[3,13,1261,28],"tags":[133,142,297,336,536,1129],"class_list":["post-10506","post","type-post","status-publish","format-standard","hentry","category-liturgique","category-ecritures","category-enseignement-2","category-saints-et-saintes","tag-barque","tag-benoit-16","tag-dieu-le-pere","tag-eglise","tag-jesus-christ","tag-tempete"],"_links":{"self":[{"href":"https:\/\/www.associationdemarie.org\/blog\/wp-json\/wp\/v2\/posts\/10506","targetHints":{"allow":["GET"]}}],"collection":[{"href":"https:\/\/www.associationdemarie.org\/blog\/wp-json\/wp\/v2\/posts"}],"about":[{"href":"https:\/\/www.associationdemarie.org\/blog\/wp-json\/wp\/v2\/types\/post"}],"author":[{"embeddable":true,"href":"https:\/\/www.associationdemarie.org\/blog\/wp-json\/wp\/v2\/users\/2"}],"replies":[{"embeddable":true,"href":"https:\/\/www.associationdemarie.org\/blog\/wp-json\/wp\/v2\/comments?post=10506"}],"version-history":[{"count":1,"href":"https:\/\/www.associationdemarie.org\/blog\/wp-json\/wp\/v2\/posts\/10506\/revisions"}],"predecessor-version":[{"id":10508,"href":"https:\/\/www.associationdemarie.org\/blog\/wp-json\/wp\/v2\/posts\/10506\/revisions\/10508"}],"wp:attachment":[{"href":"https:\/\/www.associationdemarie.org\/blog\/wp-json\/wp\/v2\/media?parent=10506"}],"wp:term":[{"taxonomy":"category","embeddable":true,"href":"https:\/\/www.associationdemarie.org\/blog\/wp-json\/wp\/v2\/categories?post=10506"},{"taxonomy":"post_tag","embeddable":true,"href":"https:\/\/www.associationdemarie.org\/blog\/wp-json\/wp\/v2\/tags?post=10506"}],"curies":[{"name":"wp","href":"https:\/\/api.w.org\/{rel}","templated":true}]}}