{"id":10498,"date":"2015-01-05T01:21:52","date_gmt":"2015-01-05T00:21:52","guid":{"rendered":"http:\/\/www.associationdemarie.org\/blog\/?p=10498"},"modified":"2014-12-20T11:25:40","modified_gmt":"2014-12-20T10:25:40","slug":"le-peuple-qui-habitait-dans-les-tenebres-a-vu-paraitre-une-grande-lumiere-2","status":"publish","type":"post","link":"https:\/\/www.associationdemarie.org\/blog\/le-peuple-qui-habitait-dans-les-tenebres-a-vu-paraitre-une-grande-lumiere-2\/","title":{"rendered":"\u00ab Le peuple qui habitait dans les t\u00e9n\u00e8bres a vu para\u00eetre une grande lumi\u00e8re. \u00bb"},"content":{"rendered":"<p><a href=\"https:\/\/www.associationdemarie.org\/blog\/wp-content\/uploads\/2014\/12\/Capture-d\u2019\u00e9cran-2014-12-20-\u00e0-11.23.58.png\"><img loading=\"lazy\" decoding=\"async\" class=\"alignright size-full wp-image-10499\" alt=\"Capture d\u2019\u00e9cran 2014-12-20 \u00e0 11.23.58\" src=\"https:\/\/www.associationdemarie.org\/blog\/wp-content\/uploads\/2014\/12\/Capture-d\u2019\u00e9cran-2014-12-20-\u00e0-11.23.58.png\" width=\"145\" height=\"514\" \/><\/a>J\u00e9sus, notre Seigneur, le Christ,<br \/>\nnous est apparu du sein de son P\u00e8re.<br \/>\nIl est venu et nous a tir\u00e9s des t\u00e9n\u00e8bres<br \/>\net nous a illumin\u00e9s de sa joyeuse lumi\u00e8re.<\/p>\n<p>Le jour s&rsquo;est lev\u00e9 pour les hommes\u00a0;<br \/>\nla puissance des t\u00e9n\u00e8bres est chass\u00e9e.<br \/>\nDe sa lumi\u00e8re s&rsquo;est lev\u00e9e pour nous une lumi\u00e8re<br \/>\nqui a \u00e9clair\u00e9 nos yeux obscurcis.<\/p>\n<p>Il a fait lever sa gloire sur le monde<br \/>\net a \u00e9clair\u00e9 les plus profonds ab\u00eemes.<br \/>\nLa mort est an\u00e9antie, les t\u00e9n\u00e8bres ont pris fin,<br \/>\nles portes de l&rsquo;enfer sont en pi\u00e8ces.<\/p>\n<p>Il a illumin\u00e9 toutes les cr\u00e9atures,<br \/>\nt\u00e9n\u00e8bres depuis les temps anciens.<br \/>\nIl a r\u00e9alis\u00e9 le salut et nous a donn\u00e9 la vie\u00a0;<br \/>\nensuite il viendra dans la gloire<br \/>\net il \u00e9clairera les yeux de tous ceux qui l&rsquo;auront attendu.<\/p>\n<p>Notre Roi vient dans sa grande gloire\u00a0:<br \/>\nallumons nos lampes, sortons \u00e0 sa rencontre (Mt 25,6);<br \/>\nr\u00e9jouissons-nous en lui comme il s&rsquo;est r\u00e9joui en nous<br \/>\net nous r\u00e9jouit par sa glorieuse lumi\u00e8re.<\/p>\n<p>Mes fr\u00e8res, levez-vous, pr\u00e9parez-vous<br \/>\npour rendre gr\u00e2ce \u00e0 notre Roi et Sauveur<br \/>\nqui viendra dans sa gloire et nous r\u00e9jouira<br \/>\nde sa joyeuse lumi\u00e8re dans le Royaume.<\/p>\n<p>Saint Ephrem (v. 306-373), diacre en Syrie, docteur de l&rsquo;\u00c9glise<br \/>\n<i>Hymne I sur la R\u00e9surrection (trad. Bouchet, Lectionnaire, p.95)<\/i><\/p>\n<p>&nbsp;<\/p>\n<p>&nbsp;<\/p>\n","protected":false},"excerpt":{"rendered":"<p>J\u00e9sus, notre Seigneur, le Christ, nous est apparu du sein de son P\u00e8re. Il est venu et nous a tir\u00e9s des t\u00e9n\u00e8bres et nous a illumin\u00e9s de sa joyeuse lumi\u00e8re. Le jour s&rsquo;est lev\u00e9 pour les hommes\u00a0; la puissance des t\u00e9n\u00e8bres est chass\u00e9e. De sa lumi\u00e8re s&rsquo;est lev\u00e9e pour nous une lumi\u00e8re qui a \u00e9clair\u00e9 [&hellip;]<\/p>\n","protected":false},"author":2,"featured_media":0,"comment_status":"closed","ping_status":"closed","sticky":false,"template":"","format":"standard","meta":{"footnotes":""},"categories":[3,13,14,26,27],"tags":[220,375,600,906,1028,1059],"class_list":["post-10498","post","type-post","status-publish","format-standard","hentry","category-liturgique","category-ecritures","category-groupe-prieres","category-priere-des-ames","category-prieres","tag-christ","tag-esperance","tag-lumiere","tag-royaume","tag-st-ephrem","tag-st-matthieu"],"_links":{"self":[{"href":"https:\/\/www.associationdemarie.org\/blog\/wp-json\/wp\/v2\/posts\/10498","targetHints":{"allow":["GET"]}}],"collection":[{"href":"https:\/\/www.associationdemarie.org\/blog\/wp-json\/wp\/v2\/posts"}],"about":[{"href":"https:\/\/www.associationdemarie.org\/blog\/wp-json\/wp\/v2\/types\/post"}],"author":[{"embeddable":true,"href":"https:\/\/www.associationdemarie.org\/blog\/wp-json\/wp\/v2\/users\/2"}],"replies":[{"embeddable":true,"href":"https:\/\/www.associationdemarie.org\/blog\/wp-json\/wp\/v2\/comments?post=10498"}],"version-history":[{"count":2,"href":"https:\/\/www.associationdemarie.org\/blog\/wp-json\/wp\/v2\/posts\/10498\/revisions"}],"predecessor-version":[{"id":10501,"href":"https:\/\/www.associationdemarie.org\/blog\/wp-json\/wp\/v2\/posts\/10498\/revisions\/10501"}],"wp:attachment":[{"href":"https:\/\/www.associationdemarie.org\/blog\/wp-json\/wp\/v2\/media?parent=10498"}],"wp:term":[{"taxonomy":"category","embeddable":true,"href":"https:\/\/www.associationdemarie.org\/blog\/wp-json\/wp\/v2\/categories?post=10498"},{"taxonomy":"post_tag","embeddable":true,"href":"https:\/\/www.associationdemarie.org\/blog\/wp-json\/wp\/v2\/tags?post=10498"}],"curies":[{"name":"wp","href":"https:\/\/api.w.org\/{rel}","templated":true}]}}