{"id":10483,"date":"2015-01-02T01:13:55","date_gmt":"2015-01-02T00:13:55","guid":{"rendered":"http:\/\/www.associationdemarie.org\/blog\/?p=10483"},"modified":"2014-12-17T17:18:07","modified_gmt":"2014-12-17T16:18:07","slug":"intentions-de-priere-du-saint%e2%80%90pere-confiees-a-lapostolat-de-la-priere","status":"publish","type":"post","link":"https:\/\/www.associationdemarie.org\/blog\/intentions-de-priere-du-saint%e2%80%90pere-confiees-a-lapostolat-de-la-priere\/","title":{"rendered":"Intentions de pri\u00e8re du Saint?P\u00e8re confi\u00e9es \u00e0 l\u2019Apostolat de la Pri\u00e8re"},"content":{"rendered":"<div title=\"Page 1\">\n<p style=\"text-align: center;\"><span style=\"line-height: 1.5em;\"><a href=\"https:\/\/www.associationdemarie.org\/blog\/wp-content\/uploads\/2014\/12\/182542__table-a-candle-glass-reflection-glass-light-fire-flame-wax-warm-cozy-window_p.jpg\"><img loading=\"lazy\" decoding=\"async\" class=\"aligncenter  wp-image-10484\" alt=\"182542__table-a-candle-glass-reflection-glass-light-fire-flame-wax-warm-cozy-window_p\" src=\"https:\/\/www.associationdemarie.org\/blog\/wp-content\/uploads\/2014\/12\/182542__table-a-candle-glass-reflection-glass-light-fire-flame-wax-warm-cozy-window_p.jpg\" width=\"465\" height=\"291\" srcset=\"https:\/\/www.associationdemarie.org\/blog\/wp-content\/uploads\/2014\/12\/182542__table-a-candle-glass-reflection-glass-light-fire-flame-wax-warm-cozy-window_p.jpg 969w, https:\/\/www.associationdemarie.org\/blog\/wp-content\/uploads\/2014\/12\/182542__table-a-candle-glass-reflection-glass-light-fire-flame-wax-warm-cozy-window_p-300x187.jpg 300w\" sizes=\"auto, (max-width: 465px) 100vw, 465px\" \/><\/a>JANVIER 2015<\/span><\/p>\n<p><strong>Universelle \u2013 La promotion de la paix<\/strong><span style=\"color: #ffffff;\">.<\/span><\/p>\n<p>Pour que ceux qui appartiennent aux diff\u00e9rentes traditions religieuses ainsi que tous les hommes de bonne volont\u00e9\u00a0collaborent \u00e0 la promotion de la paix.<\/p>\n<p><strong>Pour l\u2019\u00e9vang\u00e9lisation \u2013 La vie consacr\u00e9e<\/strong><\/p>\n<p>Pour qu\u2019en cette ann\u00e9e d\u00e9di\u00e9e \u00e0 la vie consacr\u00e9e, les religieuses et les religieux red\u00e9couvrent la joie de suivre le Christ et s\u2019engagent avec z\u00e8le au service des pauvres.<\/p>\n<p>&nbsp;<\/p>\n<p>&nbsp;<\/p>\n<p>&nbsp;<\/p>\n<p>&nbsp;<\/p>\n<\/div>\n","protected":false},"excerpt":{"rendered":"<p>JANVIER 2015 Universelle \u2013 La promotion de la paix. Pour que ceux qui appartiennent aux diff\u00e9rentes traditions religieuses ainsi que tous les hommes de bonne volont\u00e9\u00a0collaborent \u00e0 la promotion de la paix. Pour l\u2019\u00e9vang\u00e9lisation \u2013 La vie consacr\u00e9e Pour qu\u2019en cette ann\u00e9e d\u00e9di\u00e9e \u00e0 la vie consacr\u00e9e, les religieuses et les religieux red\u00e9couvrent la joie [&hellip;]<\/p>\n","protected":false},"author":2,"featured_media":0,"comment_status":"closed","ping_status":"closed","sticky":false,"template":"","format":"standard","meta":{"footnotes":""},"categories":[2,14,27],"tags":[387,504,757,761,1185],"class_list":["post-10483","post","type-post","status-publish","format-standard","hentry","category-actualites","category-groupe-prieres","category-prieres","tag-evangelisation","tag-intentions-de-priere","tag-paix","tag-pape-francois","tag-vie-consacree"],"_links":{"self":[{"href":"https:\/\/www.associationdemarie.org\/blog\/wp-json\/wp\/v2\/posts\/10483","targetHints":{"allow":["GET"]}}],"collection":[{"href":"https:\/\/www.associationdemarie.org\/blog\/wp-json\/wp\/v2\/posts"}],"about":[{"href":"https:\/\/www.associationdemarie.org\/blog\/wp-json\/wp\/v2\/types\/post"}],"author":[{"embeddable":true,"href":"https:\/\/www.associationdemarie.org\/blog\/wp-json\/wp\/v2\/users\/2"}],"replies":[{"embeddable":true,"href":"https:\/\/www.associationdemarie.org\/blog\/wp-json\/wp\/v2\/comments?post=10483"}],"version-history":[{"count":4,"href":"https:\/\/www.associationdemarie.org\/blog\/wp-json\/wp\/v2\/posts\/10483\/revisions"}],"predecessor-version":[{"id":10488,"href":"https:\/\/www.associationdemarie.org\/blog\/wp-json\/wp\/v2\/posts\/10483\/revisions\/10488"}],"wp:attachment":[{"href":"https:\/\/www.associationdemarie.org\/blog\/wp-json\/wp\/v2\/media?parent=10483"}],"wp:term":[{"taxonomy":"category","embeddable":true,"href":"https:\/\/www.associationdemarie.org\/blog\/wp-json\/wp\/v2\/categories?post=10483"},{"taxonomy":"post_tag","embeddable":true,"href":"https:\/\/www.associationdemarie.org\/blog\/wp-json\/wp\/v2\/tags?post=10483"}],"curies":[{"name":"wp","href":"https:\/\/api.w.org\/{rel}","templated":true}]}}