{"id":10467,"date":"2014-12-30T01:10:41","date_gmt":"2014-12-30T00:10:41","guid":{"rendered":"http:\/\/www.associationdemarie.org\/blog\/?p=10467"},"modified":"2020-01-22T17:23:04","modified_gmt":"2020-01-22T16:23:04","slug":"premiere-lettre-de-saint-jean-212-17-2","status":"publish","type":"post","link":"https:\/\/www.associationdemarie.org\/blog\/premiere-lettre-de-saint-jean-212-17-2\/","title":{"rendered":"Premi\u00e8re lettre de saint Jean 2,12-17."},"content":{"rendered":"<p><a href=\"https:\/\/www.associationdemarie.org\/blog\/wp-content\/uploads\/2014\/12\/aigle-de-lumiere.jpg\"><img loading=\"lazy\" decoding=\"async\" class=\"aligncenter wp-image-18446\" src=\"https:\/\/www.associationdemarie.org\/blog\/wp-content\/uploads\/2014\/12\/aigle-de-lumiere.jpg\" alt=\"\" width=\"330\" height=\"213\" srcset=\"https:\/\/www.associationdemarie.org\/blog\/wp-content\/uploads\/2014\/12\/aigle-de-lumiere.jpg 1084w, https:\/\/www.associationdemarie.org\/blog\/wp-content\/uploads\/2014\/12\/aigle-de-lumiere-300x194.jpg 300w, https:\/\/www.associationdemarie.org\/blog\/wp-content\/uploads\/2014\/12\/aigle-de-lumiere-768x496.jpg 768w, https:\/\/www.associationdemarie.org\/blog\/wp-content\/uploads\/2014\/12\/aigle-de-lumiere-1024x661.jpg 1024w\" sizes=\"auto, (max-width: 330px) 100vw, 330px\" \/><\/a><\/p>\n<p>Je vous le dis, mes petits enfants\u00a0: \u00ab\u00a0Vos p\u00e9ch\u00e9s sont pardonn\u00e9s \u00e0 cause du nom de J\u00e9sus.\u00a0\u00bb<br \/>\nJe vous le dis \u00e0 vous, les plus anciens\u00a0: \u00ab\u00a0Vous connaissez celui qui existe depuis le commencement.\u00a0\u00bb Je vous le dis \u00e0 vous, les plus jeunes\u00a0: \u00ab\u00a0Vous avez vaincu le Mauvais.\u00a0\u00bb<br \/>\nJe vous l&rsquo;ai dit \u00e0 vous, mes enfants\u00a0: \u00ab\u00a0Vous connaissez le P\u00e8re.\u00a0\u00bb Je vous l&rsquo;ai dit \u00e0 vous, les plus anciens\u00a0: \u00ab\u00a0Vous connaissez celui qui existe depuis le commencement.\u00a0\u00bb Je vous l&rsquo;ai dit \u00e0 vous, les plus jeunes\u00a0: \u00ab\u00a0Vous \u00eates forts, la parole de Dieu demeure en vous, vous avez vaincu le Mauvais.\u00a0\u00bb<br \/>\nN&rsquo;ayez pas l&rsquo;amour du monde, ni de ce qui est dans le monde. Si quelqu&rsquo;un aime le monde, il n&rsquo;a pas en lui l&rsquo;amour du P\u00e8re.<br \/>\nTout ce qu&rsquo;il y a dans le monde &#8211; les d\u00e9sirs \u00e9go\u00efstes de la nature humaine, les d\u00e9sirs du regard, l&rsquo;orgueil de la richesse &#8211; tout cela ne vient pas du P\u00e8re, mais du monde.<br \/>\nOr, le monde avec ses d\u00e9sirs est en train de dispara\u00eetre. Mais celui qui fait la volont\u00e9 de Dieu demeure pour toujours.<\/p>\n<p>&nbsp;<\/p>\n<p>&nbsp;<\/p>\n<p>&nbsp;<\/p>\n<p>&nbsp;<\/p>\n","protected":false},"excerpt":{"rendered":"<p>Je vous le dis, mes petits enfants\u00a0: \u00ab\u00a0Vos p\u00e9ch\u00e9s sont pardonn\u00e9s \u00e0 cause du nom de J\u00e9sus.\u00a0\u00bb Je vous le dis \u00e0 vous, les plus anciens\u00a0: \u00ab\u00a0Vous connaissez celui qui existe depuis le commencement.\u00a0\u00bb Je vous le dis \u00e0 vous, les plus jeunes\u00a0: \u00ab\u00a0Vous avez vaincu le Mauvais.\u00a0\u00bb Je vous l&rsquo;ai dit \u00e0 vous, mes [&hellip;]<\/p>\n","protected":false},"author":2,"featured_media":0,"comment_status":"closed","ping_status":"closed","sticky":false,"template":"","format":"standard","meta":{"footnotes":""},"categories":[3,13,28],"tags":[1041],"class_list":["post-10467","post","type-post","status-publish","format-standard","hentry","category-liturgique","category-ecritures","category-saints-et-saintes","tag-st-jean"],"_links":{"self":[{"href":"https:\/\/www.associationdemarie.org\/blog\/wp-json\/wp\/v2\/posts\/10467","targetHints":{"allow":["GET"]}}],"collection":[{"href":"https:\/\/www.associationdemarie.org\/blog\/wp-json\/wp\/v2\/posts"}],"about":[{"href":"https:\/\/www.associationdemarie.org\/blog\/wp-json\/wp\/v2\/types\/post"}],"author":[{"embeddable":true,"href":"https:\/\/www.associationdemarie.org\/blog\/wp-json\/wp\/v2\/users\/2"}],"replies":[{"embeddable":true,"href":"https:\/\/www.associationdemarie.org\/blog\/wp-json\/wp\/v2\/comments?post=10467"}],"version-history":[{"count":5,"href":"https:\/\/www.associationdemarie.org\/blog\/wp-json\/wp\/v2\/posts\/10467\/revisions"}],"predecessor-version":[{"id":18448,"href":"https:\/\/www.associationdemarie.org\/blog\/wp-json\/wp\/v2\/posts\/10467\/revisions\/18448"}],"wp:attachment":[{"href":"https:\/\/www.associationdemarie.org\/blog\/wp-json\/wp\/v2\/media?parent=10467"}],"wp:term":[{"taxonomy":"category","embeddable":true,"href":"https:\/\/www.associationdemarie.org\/blog\/wp-json\/wp\/v2\/categories?post=10467"},{"taxonomy":"post_tag","embeddable":true,"href":"https:\/\/www.associationdemarie.org\/blog\/wp-json\/wp\/v2\/tags?post=10467"}],"curies":[{"name":"wp","href":"https:\/\/api.w.org\/{rel}","templated":true}]}}