{"id":10458,"date":"2014-12-28T01:42:44","date_gmt":"2014-12-28T00:42:44","guid":{"rendered":"http:\/\/www.associationdemarie.org\/blog\/?p=10458"},"modified":"2014-12-11T18:46:06","modified_gmt":"2014-12-11T17:46:06","slug":"fete-de-la-sainte-famille-de-jesus-marie-et-joseph-3","status":"publish","type":"post","link":"https:\/\/www.associationdemarie.org\/blog\/fete-de-la-sainte-famille-de-jesus-marie-et-joseph-3\/","title":{"rendered":"F\u00eate de la Sainte Famille de J\u00e9sus, Marie et Joseph"},"content":{"rendered":"<p><a href=\"https:\/\/www.associationdemarie.org\/blog\/wp-content\/uploads\/2014\/12\/235488_4.jpg\"><img loading=\"lazy\" decoding=\"async\" class=\"aligncenter size-full wp-image-10459\" alt=\"235488_4\" src=\"https:\/\/www.associationdemarie.org\/blog\/wp-content\/uploads\/2014\/12\/235488_4.jpg\" width=\"400\" height=\"285\" srcset=\"https:\/\/www.associationdemarie.org\/blog\/wp-content\/uploads\/2014\/12\/235488_4.jpg 400w, https:\/\/www.associationdemarie.org\/blog\/wp-content\/uploads\/2014\/12\/235488_4-300x213.jpg 300w\" sizes=\"auto, (max-width: 400px) 100vw, 400px\" \/><\/a><\/p>\n<p>Que puis-je dire de ce myst\u00e8re\u00a0? Je vois un ouvrier, une mangeoire, un enfant, des langes, l&rsquo;enfantement d&rsquo;une vierge priv\u00e9e de tout le n\u00e9cessaire, toutes les marques de l&rsquo;indigence, tout le fardeau de la pauvret\u00e9. Avez-vous jamais vu la richesse dans une telle p\u00e9nurie\u00a0? Comment celui qui \u00e9tait riche s&rsquo;est-il fait pauvre pour nous (2Co 8,9) au point que, priv\u00e9 de berceau et de couvertures, il est couch\u00e9 dans une dure mangeoire\u00a0? &#8230; \u00d4 richesse immense, sous les apparences de la pauvret\u00e9\u00a0! Il dort dans une mangeoire et il \u00e9branle l&rsquo;univers. Lui qui est serr\u00e9 dans ses langes, il brise les cha\u00eenes du p\u00e9ch\u00e9. Alors qu&rsquo;il ne peut pas prononcer un mot, il a instruit les mages pour qu&rsquo;ils rentrent par un autre chemin. Le myst\u00e8re d\u00e9passe la parole\u00a0!<\/p>\n<p>Voici le b\u00e9b\u00e9 envelopp\u00e9 de langes, couch\u00e9 dans une mangeoire\u00a0; il y a l\u00e0 aussi Marie, \u00e0 la fois vierge et m\u00e8re\u00a0; il y a encore Joseph qu&rsquo;on appelle son p\u00e8re. Celui-ci a \u00e9pous\u00e9 Marie, mais le Saint Esprit a couvert Marie de son ombre. C&rsquo;est pourquoi Joseph \u00e9tait angoiss\u00e9, ne sachant comment appeler l&rsquo;enfant&#8230; Dans cette anxi\u00e9t\u00e9, un message lui a \u00e9t\u00e9 apport\u00e9 par un ange\u00a0: \u00ab\u00a0Ne crains pas, Joseph, l&rsquo;enfant qui est engendr\u00e9 en elle vient de l&rsquo;Esprit Saint\u00a0\u00bb (Mt 1,20)&#8230; Pourquoi le Sauveur est-il n\u00e9 d&rsquo;une vierge\u00a0? Jadis Eve, qui \u00e9tait vierge, s&rsquo;est laiss\u00e9 s\u00e9duire et a enfant\u00e9 la cause de notre mort\u00a0; Marie, ayant re\u00e7u de l&rsquo;ange la Bonne Nouvelle, a enfant\u00e9 le Verbe fait chair qui nous apporte la vie \u00e9ternelle.<\/p>\n<p>Saint Jean Chrysostome (v. 345-407), pr\u00eatre \u00e0 Antioche puis \u00e9v\u00eaque de Constantinople, docteur de l&rsquo;\u00c9glise<br \/>\n<i>Hom\u00e9lie pour No\u00ebl ; PG 56, 392 (trad. Delhougne, Les P\u00e8res commentent, p. 24)<\/i><\/p>\n<p>&nbsp;<\/p>\n<p>&nbsp;<\/p>\n<p>&nbsp;<\/p>\n","protected":false},"excerpt":{"rendered":"<p>Que puis-je dire de ce myst\u00e8re\u00a0? Je vois un ouvrier, une mangeoire, un enfant, des langes, l&rsquo;enfantement d&rsquo;une vierge priv\u00e9e de tout le n\u00e9cessaire, toutes les marques de l&rsquo;indigence, tout le fardeau de la pauvret\u00e9. Avez-vous jamais vu la richesse dans une telle p\u00e9nurie\u00a0? Comment celui qui \u00e9tait riche s&rsquo;est-il fait pauvre pour nous (2Co [&hellip;]<\/p>\n","protected":false},"author":2,"featured_media":0,"comment_status":"closed","ping_status":"closed","sticky":false,"template":"","format":"standard","meta":{"footnotes":""},"categories":[3,13,15,16,28],"tags":[1382,1043,1049,1093,1189],"class_list":["post-10458","post","type-post","status-publish","format-standard","hentry","category-liturgique","category-ecritures","category-histoire","category-jardins-de-la-bible","category-saints-et-saintes","tag-ecritures","tag-st-jean-chrysostome","tag-st-joseph","tag-ste-famille","tag-vierge-marie"],"_links":{"self":[{"href":"https:\/\/www.associationdemarie.org\/blog\/wp-json\/wp\/v2\/posts\/10458","targetHints":{"allow":["GET"]}}],"collection":[{"href":"https:\/\/www.associationdemarie.org\/blog\/wp-json\/wp\/v2\/posts"}],"about":[{"href":"https:\/\/www.associationdemarie.org\/blog\/wp-json\/wp\/v2\/types\/post"}],"author":[{"embeddable":true,"href":"https:\/\/www.associationdemarie.org\/blog\/wp-json\/wp\/v2\/users\/2"}],"replies":[{"embeddable":true,"href":"https:\/\/www.associationdemarie.org\/blog\/wp-json\/wp\/v2\/comments?post=10458"}],"version-history":[{"count":1,"href":"https:\/\/www.associationdemarie.org\/blog\/wp-json\/wp\/v2\/posts\/10458\/revisions"}],"predecessor-version":[{"id":10460,"href":"https:\/\/www.associationdemarie.org\/blog\/wp-json\/wp\/v2\/posts\/10458\/revisions\/10460"}],"wp:attachment":[{"href":"https:\/\/www.associationdemarie.org\/blog\/wp-json\/wp\/v2\/media?parent=10458"}],"wp:term":[{"taxonomy":"category","embeddable":true,"href":"https:\/\/www.associationdemarie.org\/blog\/wp-json\/wp\/v2\/categories?post=10458"},{"taxonomy":"post_tag","embeddable":true,"href":"https:\/\/www.associationdemarie.org\/blog\/wp-json\/wp\/v2\/tags?post=10458"}],"curies":[{"name":"wp","href":"https:\/\/api.w.org\/{rel}","templated":true}]}}