{"id":10452,"date":"2014-12-26T01:12:31","date_gmt":"2014-12-26T00:12:31","guid":{"rendered":"http:\/\/www.associationdemarie.org\/blog\/?p=10452"},"modified":"2014-12-11T06:15:26","modified_gmt":"2014-12-11T05:15:26","slug":"fete-de-saint-etienne-premier-martyr","status":"publish","type":"post","link":"https:\/\/www.associationdemarie.org\/blog\/fete-de-saint-etienne-premier-martyr\/","title":{"rendered":"F\u00eate de Saint \u00c9tienne, premier martyr"},"content":{"rendered":"<p><a href=\"https:\/\/www.associationdemarie.org\/blog\/wp-content\/uploads\/2014\/12\/Santo_Stefano_M.jpg\"><img loading=\"lazy\" decoding=\"async\" class=\"aligncenter size-full wp-image-10453\" alt=\"Santo_Stefano_M\" src=\"https:\/\/www.associationdemarie.org\/blog\/wp-content\/uploads\/2014\/12\/Santo_Stefano_M.jpg\" width=\"394\" height=\"600\" srcset=\"https:\/\/www.associationdemarie.org\/blog\/wp-content\/uploads\/2014\/12\/Santo_Stefano_M.jpg 394w, https:\/\/www.associationdemarie.org\/blog\/wp-content\/uploads\/2014\/12\/Santo_Stefano_M-197x300.jpg 197w\" sizes=\"auto, (max-width: 394px) 100vw, 394px\" \/><\/a><\/p>\n<p>Hier nous f\u00eations la naissance dans le temps de notre roi \u00e9ternel ; aujourd&rsquo;hui nous f\u00eatons le combat victorieux\u00a0\u00a0de son soldat&#8230; Notre roi, lui qui est le Tr\u00e8s-Haut, est venu \u00e0 nous dans l&rsquo;humilit\u00e9, mais il ne pouvait\u00a0\u00a0pas venir les mains vides : il a apport\u00e9 \u00e0 ses soldats la plus grande des gr\u00e2ces. Il ne s&rsquo;est pas content\u00e9 de les couvrir de richesses, il leur a aussi donn\u00e9 une force invincible au combat : il leur a fait le don de la charit\u00e9, qui conduit les hommes \u00e0 partager la vie de Dieu&#8230;<\/p>\n<p>La charit\u00e9, cet amour qui a fait descendre le Christ sur la terre, a \u00e9lev\u00e9 \u00c9tienne de la terre au ciel&#8230; Pour obtenir la couronne signifi\u00e9e par son nom, \u00c9tienne avait donc pour armes la charit\u00e9. Gr\u00e2ce \u00e0 elle, il \u00e9tait enti\u00e8rement vainqueur. C&rsquo;est par amour de Dieu qu&rsquo;il n&rsquo;a pas recul\u00e9 devant ses ennemis et par amour du prochain qu&rsquo;il a interc\u00e9d\u00e9 pour ses bourreaux. Par cette charit\u00e9, il incitait les \u00e9gar\u00e9s \u00e0 se corriger ; par elle, il priait pour \u00e9viter le ch\u00e2timent \u00e0 ses meurtriers. Soutenu par cet amour, il a vaincu Saul, qui \u00e9tait rempli de fureur, et celui qu&rsquo;il avait eu pour pers\u00e9cuteur sur la terre, il a obtenu de l&rsquo;avoir comme compagnon dans le ciel. Son amour saint et ind\u00e9fectible d\u00e9sirait gagner \u00e0 lui par sa pri\u00e8re ceux qu&rsquo;il n&rsquo;avait pas pu convertir par ses avertissements&#8230; Et c&rsquo;est pourquoi maintenant Paul partage le bonheur d&rsquo;\u00c9tienne. Avec \u00c9tienne il jouit de la gloire du Christ, avec \u00c9tienne il exulte, avec \u00c9tienne il r\u00e8gne. L\u00e0 o\u00f9 \u00c9tienne est mont\u00e9 le premier, lapid\u00e9 sous les yeux de Paul, l\u00e0 aussi Paul est mont\u00e9 avec l&rsquo;aide des pri\u00e8res d&rsquo;\u00c9tienne.<\/p>\n<p>Saint Fulgence de Ruspe (467-532), \u00e9v\u00eaque en Afrique du Nord<br \/>\n<i>Sermon 3, 1-3, 5-6 ; CCL 91 A, 905-909 (trad. cf Orval et br\u00e9viaire 26\/12)<\/i><\/p>\n<p>&nbsp;<\/p>\n<p>&nbsp;<\/p>\n","protected":false},"excerpt":{"rendered":"<p>Hier nous f\u00eations la naissance dans le temps de notre roi \u00e9ternel ; aujourd&rsquo;hui nous f\u00eatons le combat victorieux\u00a0\u00a0de son soldat&#8230; Notre roi, lui qui est le Tr\u00e8s-Haut, est venu \u00e0 nous dans l&rsquo;humilit\u00e9, mais il ne pouvait\u00a0\u00a0pas venir les mains vides : il a apport\u00e9 \u00e0 ses soldats la plus grande des gr\u00e2ces. Il [&hellip;]<\/p>\n","protected":false},"author":2,"featured_media":0,"comment_status":"closed","ping_status":"closed","sticky":false,"template":"","format":"standard","meta":{"footnotes":""},"categories":[3,13,15,28],"tags":[203,715,1313,1033,1068],"class_list":["post-10452","post","type-post","status-publish","format-standard","hentry","category-liturgique","category-ecritures","category-histoire","category-saints-et-saintes","tag-charite","tag-noel","tag-st-etienne","tag-st-fulgence-de-ruspe","tag-st-paul"],"_links":{"self":[{"href":"https:\/\/www.associationdemarie.org\/blog\/wp-json\/wp\/v2\/posts\/10452","targetHints":{"allow":["GET"]}}],"collection":[{"href":"https:\/\/www.associationdemarie.org\/blog\/wp-json\/wp\/v2\/posts"}],"about":[{"href":"https:\/\/www.associationdemarie.org\/blog\/wp-json\/wp\/v2\/types\/post"}],"author":[{"embeddable":true,"href":"https:\/\/www.associationdemarie.org\/blog\/wp-json\/wp\/v2\/users\/2"}],"replies":[{"embeddable":true,"href":"https:\/\/www.associationdemarie.org\/blog\/wp-json\/wp\/v2\/comments?post=10452"}],"version-history":[{"count":1,"href":"https:\/\/www.associationdemarie.org\/blog\/wp-json\/wp\/v2\/posts\/10452\/revisions"}],"predecessor-version":[{"id":10454,"href":"https:\/\/www.associationdemarie.org\/blog\/wp-json\/wp\/v2\/posts\/10452\/revisions\/10454"}],"wp:attachment":[{"href":"https:\/\/www.associationdemarie.org\/blog\/wp-json\/wp\/v2\/media?parent=10452"}],"wp:term":[{"taxonomy":"category","embeddable":true,"href":"https:\/\/www.associationdemarie.org\/blog\/wp-json\/wp\/v2\/categories?post=10452"},{"taxonomy":"post_tag","embeddable":true,"href":"https:\/\/www.associationdemarie.org\/blog\/wp-json\/wp\/v2\/tags?post=10452"}],"curies":[{"name":"wp","href":"https:\/\/api.w.org\/{rel}","templated":true}]}}