{"id":10381,"date":"2014-12-08T01:22:17","date_gmt":"2014-12-08T00:22:17","guid":{"rendered":"http:\/\/www.associationdemarie.org\/blog\/?p=10381"},"modified":"2014-11-23T17:25:37","modified_gmt":"2014-11-23T16:25:37","slug":"solennite-de-limmaculee-conception-de-la-vierge-marie-3","status":"publish","type":"post","link":"https:\/\/www.associationdemarie.org\/blog\/solennite-de-limmaculee-conception-de-la-vierge-marie-3\/","title":{"rendered":"Solennit\u00e9 de l&rsquo;Immacul\u00e9e Conception de la Vierge Marie"},"content":{"rendered":"<p style=\"text-align: center;\"><a href=\"https:\/\/www.associationdemarie.org\/blog\/wp-content\/uploads\/2014\/12\/BOTTICELLI_Sandro_Madonna_And_Child_And_Two_Angels.jpg\"><img loading=\"lazy\" decoding=\"async\" class=\"aligncenter  wp-image-10383\" alt=\"BOTTICELLI_Sandro_Madonna_And_Child_And_Two_Angels\" src=\"https:\/\/www.associationdemarie.org\/blog\/wp-content\/uploads\/2014\/12\/BOTTICELLI_Sandro_Madonna_And_Child_And_Two_Angels-749x1024.jpg\" width=\"359\" height=\"491\" srcset=\"https:\/\/www.associationdemarie.org\/blog\/wp-content\/uploads\/2014\/12\/BOTTICELLI_Sandro_Madonna_And_Child_And_Two_Angels-749x1024.jpg 749w, https:\/\/www.associationdemarie.org\/blog\/wp-content\/uploads\/2014\/12\/BOTTICELLI_Sandro_Madonna_And_Child_And_Two_Angels-219x300.jpg 219w, https:\/\/www.associationdemarie.org\/blog\/wp-content\/uploads\/2014\/12\/BOTTICELLI_Sandro_Madonna_And_Child_And_Two_Angels.jpg 800w\" sizes=\"auto, (max-width: 359px) 100vw, 359px\" \/><\/a><\/p>\n<p>1.\u00a0<em>\u00ab\u00a0<\/em><em>R\u00e9jouis-toi, combl\u00e9e de gr\u00e2ce, le Seigneur est avec toi\u00a0!\u00a0\u00bb<\/em>\u00a0(<em>Lc<\/em><em>\u00a01, 28<\/em>).<\/p>\n<p>&nbsp;<\/p>\n<p>\u00c0 travers ces paroles de l&rsquo;Archange Gabriel, nous nous adressons \u00e0 la Vierge Marie plusieurs fois par jour. Nous les r\u00e9p\u00e9tons aujourd&rsquo;hui avec une joie fervente, en la solennit\u00e9 de l&rsquo;Immacul\u00e9e Conception, en rappelant la date du 8 d\u00e9cembre 1854, lorsque le bx Pie IX\u00a0(Giovanni Maria Mastai Ferretti, 1846-1878)proclama cet\u00a0<em>admirable dogme de la foi catholique<\/em>\u00a0pr\u00e9cis\u00e9ment dans cette Basilique vaticane\u00a0[&#8230;]<\/p>\n<p>&nbsp;<\/p>\n<p>2. Combien est grand le myst\u00e8re de l&rsquo;Immacul\u00e9e Conception, que nous pr\u00e9sente la liturgie d&rsquo;aujourd&rsquo;hui\u00a0! Un myst\u00e8re qui ne cesse d&rsquo;attirer la contemplation des croyants et qui inspire la r\u00e9flexion des th\u00e9ologiens. Le th\u00e8me du Congr\u00e8s qui vient d&rsquo;\u00eatre rappel\u00e9 -\u00ab\u00a0<em>Marie de Nazareth accueille le Fils de Dieu dans l&rsquo;histoire\u00a0<\/em>\u00bb- a permis un approfondissement de la doctrine de la conception immacul\u00e9e de Marie comme pr\u00e9suppos\u00e9 pour l&rsquo;accueil en son sein virginal du Verbe de Dieu incarn\u00e9, Sauveur du genre humain.<\/p>\n<p>\u00ab\u00a0<em>Pleine de gr\u00e2ce\u00a0<\/em>\u00bb,\u00a0<em>\u00ab????????????\u00bb\u00a0:<\/em>\u00a0c&rsquo;est \u00e0 travers cette appellation, selon l&rsquo;original en grec de l&rsquo;\u00c9vangile de Luc, que l&rsquo;Ange s&rsquo;adresse \u00e0 Marie. Tel est\u00a0<em>le nom avec lequel Dieu<\/em>, \u00e0 travers son messager, a voulu qualifier la Vierge. C&rsquo;est de cette fa\u00e7on qu&rsquo;Il l&rsquo;a pens\u00e9e et vue depuis toujours,\u00a0<em>ab aeterno<\/em>.<\/p>\n<p>&nbsp;<\/p>\n<p>3. Dans l&rsquo;hymne de la Lettre aux \u00c9ph\u00e9siens, qui vient d&rsquo;\u00eatre proclam\u00e9, l&rsquo;Ap\u00f4tre loue Dieu le P\u00e8re car il \u00ab\u00a0<em>nous a b\u00e9nis par toutes sortes de b\u00e9n\u00e9dictions spirituelles aux cieux, dans le Christ\u00a0<\/em>\u00bb (1, 3). Avec quelle b\u00e9n\u00e9diction tr\u00e8s sp\u00e9ciale Dieu s&rsquo;est-il adress\u00e9 \u00e0 Marie depuis le d\u00e9but des temps !\u00a0<em>Marie est v\u00e9ritablement b\u00e9nie entre toutes les femmes\u00a0<\/em>(cf.\u00a0<em>Lc<\/em>\u00a01, 42)!<\/p>\n<p>Le P\u00e8re l&rsquo;a choisie dans le Christ avant la cr\u00e9ation du monde, afin qu&rsquo;elle soit sainte et immacul\u00e9e en sa pr\u00e9sence dans l&rsquo;amour, la pr\u00e9destinant d&rsquo;avance \u00e0 l&rsquo;adoption filiale par J\u00e9sus Christ (<em>cf.\u00a0Ep\u00a01, 4-5<\/em>).<\/p>\n<p>&nbsp;<\/p>\n<p>4. La pr\u00e9destination de Marie, comme celle de chacun de nous, est relative \u00e0 la pr\u00e9destination du Fils. Le Christ est la\u00a0<em>souche<\/em>\u00a0qui devait\u00a0\u00a0<em>\u00e9craser la t\u00eate<\/em>\u00a0de l&rsquo;antique serpent, selon le Livre de la Gen\u00e8se (<em>cf.\u00a0Gn\u00a03, 15<\/em>) ; c&rsquo;est l&rsquo;Agneau\u00a0<em>sans tache<\/em>\u00a0(cf.\u00a0<em>Ex<\/em>\u00a012, 5; 1 P 1, 19), immol\u00e9 pour racheter l&rsquo;humanit\u00e9 du p\u00e9ch\u00e9.<\/p>\n<p>En pr\u00e9vision de sa mort salvifique, Marie, sa M\u00e8re, a \u00e9t\u00e9 pr\u00e9serv\u00e9e du p\u00e9ch\u00e9 originel et de tout autre p\u00e9ch\u00e9. Dans la victoire du nouvel Adam, il y a \u00e9galement celle de la nouvelle \u00c8ve, m\u00e8re des rachet\u00e9s. L&rsquo;Immacul\u00e9e est ainsi un signe d&rsquo;esp\u00e9rance pour tous les vivants, qui ont vaincu Satan par le\u00a0<em>sang de l&rsquo;Agneau<\/em>\u00a0(cf.\u00a0<em>Ap<\/em>\u00a012, 11).<\/p>\n<p>&nbsp;<\/p>\n<p>5. Nous contemplons aujourd&rsquo;hui l&rsquo;humble jeune fille de Nazareth\u00a0<em>sainte et immacul\u00e9e en pr\u00e9sence de Dieu dans la charit\u00e9<\/em>\u00a0(cf.\u00a0<em>Ep<\/em>\u00a01, 4), cette\u00a0<em>charit\u00e9<\/em>\u00a0qui, dans sa source originelle, est Dieu lui-m\u00eame, un et trine.<\/p>\n<p>\u0152uvre sublime de la Tr\u00e8s Sainte Trinit\u00e9 que l&rsquo;Immacul\u00e9e Conception de la M\u00e8re du R\u00e9dempteur! Pie IX, dans la Bulle\u00a0<em>Ineffabilis Deus<\/em>, rappelle que le Tout-Puissant a \u00e9tabli \u00ab\u00a0par un seul et m\u00eame d\u00e9cret l&rsquo;origine de Marie et l&rsquo;incarnation de la Sagesse divine\u00a0\u00bb (Pie IX<em>\u00a0Pontificis Maximi Acta<\/em>, Pars prima, p. 559).<\/p>\n<p>Le\u00a0<em>oui<\/em>\u00a0de la Vierge \u00e0 l&rsquo;annonce de l&rsquo;Ange prend place dans la situation concr\u00e8te de notre condition terrestre, en humble ob\u00e9issance \u00e0 la volont\u00e9 divine de sauver l&rsquo;humanit\u00e9 non pas de l&rsquo;histoire, mais dans l&rsquo;histoire. En effet, pr\u00e9serv\u00e9e de toute tache de p\u00e9ch\u00e9 originel, la \u00ab\u00a0nouvelle \u00c8ve \u00bb a b\u00e9n\u00e9fici\u00e9 de fa\u00e7on particuli\u00e8re de l&rsquo;\u0153uvre du Christ comme M\u00e9diateur et R\u00e9dempteur tr\u00e8s parfait. Rachet\u00e9e la premi\u00e8re par son Fils, participant en pl\u00e9nitude \u00e0 sa saintet\u00e9, Elle est d\u00e9j\u00e0 ce que toute l&rsquo;\u00c9glise d\u00e9sire et esp\u00e8re \u00eatre.\u00a0<em>Elle est l&rsquo;ic\u00f4ne eschatologique de l&rsquo;\u00c9glise<\/em>.<\/p>\n<p>&nbsp;<\/p>\n<p>6. C&rsquo;est pourquoi l&rsquo;Immacul\u00e9e, qui marque \u00ab\u00a0le d\u00e9but de l&rsquo;\u00c9glise, \u00e9pouse du Christ sans tache et sans ride, resplendissante de beaut\u00e9\u00a0\u00bb (Pr\u00e9face), pr\u00e9c\u00e8de toujours le Peuple de Dieu, dans le p\u00e8lerinage de la foi vers le Royaume des cieux (cf.\u00a0<em><a href=\"http:\/\/www.vatican.va\/archive\/hist_councils\/ii_vatican_council\/documents\/vat-ii_const_19641121_lumen-gentium_fr.html\">Lumen gentium<\/a><\/em>, n. 58 ; Enc.\u00a0<em><a href=\"http:\/\/www.vatican.va\/edocs\/FRA0082\/_INDEX.HTM\">Redemptoris Mater<\/a><\/em>, n. 2).<\/p>\n<p>Dans la Conception immacul\u00e9e de Marie, l&rsquo;\u00c9glise voit se projeter, anticip\u00e9e \u00e0 travers son membre le plus noble, la gr\u00e2ce salvifique de P\u00e2ques.<\/p>\n<p>Dans l&rsquo;\u00e9v\u00e9nement de l&rsquo;Incarnation, elle trouve le Fils et la M\u00e8re indissolublement associ\u00e9s: \u00ab\u00a0Celui qui est son Seigneur et sa T\u00eate et celle qui, en pronon\u00e7ant le premier fiat de la Nouvelle Alliance, pr\u00e9figure sa condition d&rsquo;\u00e9pouse et de M\u00e8re \u00bb (<em><a href=\"http:\/\/www.vatican.va\/edocs\/FRA0082\/_INDEX.HTM\">Redemptoris Mater<\/a><\/em>, n. 1).<\/p>\n<p>&nbsp;<\/p>\n<p>7. \u00c0 Toi, Vierge immacul\u00e9e, pr\u00e9destin\u00e9e par Dieu par-dessus toute autre cr\u00e9ature comme avocate de gr\u00e2ce et mod\u00e8le de saintet\u00e9 pour son peuple, je renouvelle aujourd&rsquo;hui de fa\u00e7on particuli\u00e8re\u00a0<em>l&rsquo;acte de cons\u00e9cration de toute l&rsquo;\u00c9glise<\/em>.<\/p>\n<p>Puisses-tu guider\u00a0ses fils dans leur p\u00e8lerinage de foi, les faisant devenir toujours plus ob\u00e9issants et fid\u00e8les \u00e0 la Parole de Dieu.<\/p>\n<p>Puisses-tu accompagner\u00a0chaque chr\u00e9tien sur le chemin de la conversion et de la saintet\u00e9, dans la lutte contre le p\u00e9ch\u00e9 et dans la recherche de la beaut\u00e9 v\u00e9ritable, qui constitue toujours la marque et le reflet de la Beaut\u00e9 divine.<\/p>\n<p><em>Puisses-tu encore obtenir\u00a0la paix et le salut pour tous les peuples<\/em>. Que le P\u00e8re \u00e9ternel, qui t&rsquo;a voulue M\u00e8re immacul\u00e9e du R\u00e9dempteur, renouvelle \u00e9galement dans notre temps, \u00e0 travers toi, les prodiges de son amour mis\u00e9ricordieux.\u00a0Amen\u00a0!<\/p>\n<p>&nbsp;<\/p>\n<p align=\"center\">Hom\u00e9lie de Saint\u00a0Jean-Paul II<\/p>\n<p align=\"center\">(Mercredi 8 d\u00e9cembre 2004)<\/p>\n<p>Source principale : vatican.va (\u00ab R\u00e9v. x gpm\u00bb).<\/p>\n","protected":false},"excerpt":{"rendered":"<p>1.\u00a0\u00ab\u00a0R\u00e9jouis-toi, combl\u00e9e de gr\u00e2ce, le Seigneur est avec toi\u00a0!\u00a0\u00bb\u00a0(Lc\u00a01, 28). &nbsp; \u00c0 travers ces paroles de l&rsquo;Archange Gabriel, nous nous adressons \u00e0 la Vierge Marie plusieurs fois par jour. Nous les r\u00e9p\u00e9tons aujourd&rsquo;hui avec une joie fervente, en la solennit\u00e9 de l&rsquo;Immacul\u00e9e Conception, en rappelant la date du 8 d\u00e9cembre 1854, lorsque le bx Pie [&hellip;]<\/p>\n","protected":false},"author":2,"featured_media":0,"comment_status":"closed","ping_status":"closed","sticky":false,"template":"","format":"standard","meta":{"footnotes":""},"categories":[3,4,13,15,28],"tags":[78,493,525,1253],"class_list":["post-10381","post","type-post","status-publish","format-standard","hentry","category-liturgique","category-iconographie","category-ecritures","category-histoire","category-saints-et-saintes","tag-annonciation","tag-immaculee-conception","tag-jean-paul-2","tag-st-jean-paul-2"],"_links":{"self":[{"href":"https:\/\/www.associationdemarie.org\/blog\/wp-json\/wp\/v2\/posts\/10381","targetHints":{"allow":["GET"]}}],"collection":[{"href":"https:\/\/www.associationdemarie.org\/blog\/wp-json\/wp\/v2\/posts"}],"about":[{"href":"https:\/\/www.associationdemarie.org\/blog\/wp-json\/wp\/v2\/types\/post"}],"author":[{"embeddable":true,"href":"https:\/\/www.associationdemarie.org\/blog\/wp-json\/wp\/v2\/users\/2"}],"replies":[{"embeddable":true,"href":"https:\/\/www.associationdemarie.org\/blog\/wp-json\/wp\/v2\/comments?post=10381"}],"version-history":[{"count":2,"href":"https:\/\/www.associationdemarie.org\/blog\/wp-json\/wp\/v2\/posts\/10381\/revisions"}],"predecessor-version":[{"id":10384,"href":"https:\/\/www.associationdemarie.org\/blog\/wp-json\/wp\/v2\/posts\/10381\/revisions\/10384"}],"wp:attachment":[{"href":"https:\/\/www.associationdemarie.org\/blog\/wp-json\/wp\/v2\/media?parent=10381"}],"wp:term":[{"taxonomy":"category","embeddable":true,"href":"https:\/\/www.associationdemarie.org\/blog\/wp-json\/wp\/v2\/categories?post=10381"},{"taxonomy":"post_tag","embeddable":true,"href":"https:\/\/www.associationdemarie.org\/blog\/wp-json\/wp\/v2\/tags?post=10381"}],"curies":[{"name":"wp","href":"https:\/\/api.w.org\/{rel}","templated":true}]}}