{"id":10361,"date":"2017-12-10T01:21:02","date_gmt":"2017-12-10T00:21:02","guid":{"rendered":"http:\/\/www.associationdemarie.org\/blog\/?p=10361"},"modified":"2017-11-25T07:38:56","modified_gmt":"2017-11-25T06:38:56","slug":"deuxieme-dimanche-de-lavent-2","status":"publish","type":"post","link":"https:\/\/www.associationdemarie.org\/blog\/deuxieme-dimanche-de-lavent-2\/","title":{"rendered":"Deuxi\u00e8me Dimanche de l&rsquo;Avent"},"content":{"rendered":"<p style=\"text-align: center;\"><a href=\"https:\/\/www.associationdemarie.org\/blog\/wp-content\/uploads\/2014\/11\/chemins-du-Seigneur.jpg\"><img loading=\"lazy\" decoding=\"async\" class=\"wp-image-10362 aligncenter\" src=\"https:\/\/www.associationdemarie.org\/blog\/wp-content\/uploads\/2014\/11\/chemins-du-Seigneur.jpg\" alt=\"chemins du Seigneur\" width=\"295\" height=\"331\" \/><\/a><\/p>\n<p>Puisque notre divin Sauveur est proche, que faut-il faire pour nous pr\u00e9parer \u00e0 son av\u00e8nement ? Saint Jean Baptiste l&rsquo;enseigne : \u00ab Faites p\u00e9nitence, dit-il, abaissez ces monts d&rsquo;orgueil et remplissez ces vall\u00e9es de ti\u00e9deur et de pusillanimit\u00e9, puisque le salut est proche \u00bb. Ces vall\u00e9es ne sont autres que la crainte, laquelle, quand elle est trop grande, nous porte au d\u00e9couragement. Le regard des grandes fautes commises apporte avec soi un \u00e9tonnement et une crainte qui abat le c\u0153ur. Voil\u00e0 les vall\u00e9es qu&rsquo;il faut remplir de confiance et d&rsquo;esp\u00e9rance, pour l&rsquo;av\u00e8nement de notre Seigneur.<\/p>\n<p>\u00ab Abaissez les montagnes et les collines \u00bb : quelles sont-elles, sinon la pr\u00e9somption, l&rsquo;orgueil et l&rsquo;estime qu&rsquo;on a de soi, qui est un tr\u00e8s grand emp\u00eachement pour l&rsquo;av\u00e8nement de notre Seigneur, lequel a coutume d&rsquo;humilier et d&rsquo;abaisser les superbes, car il va p\u00e9n\u00e9trant au fond du coeur, pour d\u00e9couvrir l&rsquo;orgueil qui y est cach\u00e9. \u00ab Aplanissez les chemins, redressez ceux qui sont tortueux, pour les rendre \u00e9gaux. \u00bb C&rsquo;est comme s&rsquo;il disait : \u00ab Redressez tant d&rsquo;intentions obliques, pour n&rsquo;avoir plus que celle de plaire \u00e0 Dieu en faisant p\u00e9nitence, ce qui doit \u00eatre le but auquel nous devons tous viser \u00bb.<\/p>\n<p>Redressez les chemins, rendez \u00e9gales vos humeurs par la mortification de vos passions, inclinations et aversions. Oh, que c&rsquo;est une chose d\u00e9sirable que cette \u00e9galit\u00e9 d&rsquo;esprit et d&rsquo;humeur ; que nous devons travailler fid\u00e8lement \u00e0 acqu\u00e9rir ! Car nous sommes plus variables et inconstants qu&rsquo;il ne se peut dire. L&rsquo;on trouvera des personnes qui maintenant \u00e9tant de bonne humeur seront d&rsquo;une conversation agr\u00e9able et joyeuse ; mais tournez la main, vous les trouverez chagrins et inquiets \u2014 en somme, les chemins tortueux et raboteux \u00e0 redresser pour l&rsquo;av\u00e8nement de notre Seigneur.<\/p>\n<p>Saint Fran\u00e7ois de Sales (1567-1622), \u00e9v\u00eaque de Gen\u00e8ve et docteur de l&rsquo;\u00c9glise<br \/>\n<i>Sermon pour le quatri\u00e8me dimanche de l&rsquo;Avent<\/i><\/p>\n<p>&nbsp;<\/p>\n<p>&nbsp;<\/p>\n<p><a href=\"https:\/\/www.associationdemarie.org\/blog\/wp-content\/uploads\/2014\/12\/70b04cc7.gif\"><img loading=\"lazy\" decoding=\"async\" class=\"aligncenter size-full wp-image-15651\" src=\"https:\/\/www.associationdemarie.org\/blog\/wp-content\/uploads\/2014\/12\/70b04cc7.gif\" alt=\"70b04cc7\" width=\"500\" height=\"347\" \/><\/a><\/p>\n<p>&nbsp;<\/p>\n<p>&nbsp;<\/p>\n<p>&nbsp;<\/p>\n<p>&nbsp;<\/p>\n<p>&nbsp;<\/p>\n","protected":false},"excerpt":{"rendered":"<p>Puisque notre divin Sauveur est proche, que faut-il faire pour nous pr\u00e9parer \u00e0 son av\u00e8nement ? Saint Jean Baptiste l&rsquo;enseigne : \u00ab Faites p\u00e9nitence, dit-il, abaissez ces monts d&rsquo;orgueil et remplissez ces vall\u00e9es de ti\u00e9deur et de pusillanimit\u00e9, puisque le salut est proche \u00bb. Ces vall\u00e9es ne sont autres que la crainte, laquelle, quand elle [&hellip;]<\/p>\n","protected":false},"author":2,"featured_media":0,"comment_status":"closed","ping_status":"closed","sticky":false,"template":"","format":"standard","meta":{"footnotes":""},"categories":[3,13,28],"tags":[127,213,1031,1042],"class_list":["post-10361","post","type-post","status-publish","format-standard","hentry","category-liturgique","category-ecritures","category-saints-et-saintes","tag-avent","tag-chemins","tag-st-francois-de-salle","tag-st-jean-baptiste"],"_links":{"self":[{"href":"https:\/\/www.associationdemarie.org\/blog\/wp-json\/wp\/v2\/posts\/10361","targetHints":{"allow":["GET"]}}],"collection":[{"href":"https:\/\/www.associationdemarie.org\/blog\/wp-json\/wp\/v2\/posts"}],"about":[{"href":"https:\/\/www.associationdemarie.org\/blog\/wp-json\/wp\/v2\/types\/post"}],"author":[{"embeddable":true,"href":"https:\/\/www.associationdemarie.org\/blog\/wp-json\/wp\/v2\/users\/2"}],"replies":[{"embeddable":true,"href":"https:\/\/www.associationdemarie.org\/blog\/wp-json\/wp\/v2\/comments?post=10361"}],"version-history":[{"count":3,"href":"https:\/\/www.associationdemarie.org\/blog\/wp-json\/wp\/v2\/posts\/10361\/revisions"}],"predecessor-version":[{"id":15653,"href":"https:\/\/www.associationdemarie.org\/blog\/wp-json\/wp\/v2\/posts\/10361\/revisions\/15653"}],"wp:attachment":[{"href":"https:\/\/www.associationdemarie.org\/blog\/wp-json\/wp\/v2\/media?parent=10361"}],"wp:term":[{"taxonomy":"category","embeddable":true,"href":"https:\/\/www.associationdemarie.org\/blog\/wp-json\/wp\/v2\/categories?post=10361"},{"taxonomy":"post_tag","embeddable":true,"href":"https:\/\/www.associationdemarie.org\/blog\/wp-json\/wp\/v2\/tags?post=10361"}],"curies":[{"name":"wp","href":"https:\/\/api.w.org\/{rel}","templated":true}]}}