{"id":10358,"date":"2014-12-06T01:35:25","date_gmt":"2014-12-06T00:35:25","guid":{"rendered":"http:\/\/www.associationdemarie.org\/blog\/?p=10358"},"modified":"2014-11-22T08:41:17","modified_gmt":"2014-11-22T07:41:17","slug":"voyant-les-foules-il-eut-pitie-delles-parce-quelles-etaient-fatiguees-et-abattues","status":"publish","type":"post","link":"https:\/\/www.associationdemarie.org\/blog\/voyant-les-foules-il-eut-pitie-delles-parce-quelles-etaient-fatiguees-et-abattues\/","title":{"rendered":"\u00ab Voyant les foules, il eut piti\u00e9 d&rsquo;elles parce qu&rsquo;elles \u00e9taient fatigu\u00e9es et abattues. \u00bb"},"content":{"rendered":"<p style=\"text-align: center;\"><a href=\"https:\/\/www.associationdemarie.org\/blog\/wp-content\/uploads\/2014\/11\/Padre-Pio.jpg\"><img loading=\"lazy\" decoding=\"async\" class=\" wp-image-10359 aligncenter\" alt=\"Padre Pio\" src=\"https:\/\/www.associationdemarie.org\/blog\/wp-content\/uploads\/2014\/11\/Padre-Pio.jpg\" width=\"420\" height=\"240\" srcset=\"https:\/\/www.associationdemarie.org\/blog\/wp-content\/uploads\/2014\/11\/Padre-Pio.jpg 700w, https:\/\/www.associationdemarie.org\/blog\/wp-content\/uploads\/2014\/11\/Padre-Pio-300x171.jpg 300w\" sizes=\"auto, (max-width: 420px) 100vw, 420px\" \/><\/a><\/p>\n<p>L&rsquo;esp\u00e9rance en la mis\u00e9ricorde in\u00e9puisable de Dieu nous soutient dans le tumulte des \u00e9motions et le flot des contrari\u00e9t\u00e9s\u00a0; c&rsquo;est avec confiance que nous accourons au sacrement de p\u00e9nitence o\u00f9 le Seigneur nous attend \u00e0 tout moment comme un P\u00e8re de mis\u00e9ricorde. Certes, devant lui nous sommes bien conscients de ne pas m\u00e9riter son pardon\u00a0; mais nous ne doutons pas de sa mis\u00e9ricorde infinie. Oublions donc nos p\u00e9ch\u00e9s, comme Dieu l&rsquo;a fait avant nous.<\/p>\n<p>Il ne faut plus revenir, ni par la pens\u00e9e ni en confession, sur les fautes d\u00e9j\u00e0 accus\u00e9es lors de confessions pr\u00e9c\u00e9dentes. Gr\u00e2ce \u00e0 notre repentir sinc\u00e8re, le Seigneur les a pardonn\u00e9es une fois pour toutes. Vouloir revenir sur des fautes d\u00e9j\u00e0 pardonn\u00e9es seulement pour en \u00eatre encore une fois absous, ou seulement parce que nous doutons qu&rsquo;elles aient \u00e9t\u00e9 r\u00e9ellement et pleinement pardonn\u00e9es, cela ne doit-il pas \u00eatre vu comme un manque de confiance envers la bont\u00e9 de Dieu\u00a0?<\/p>\n<p>Si cela peut t&rsquo;apporter quelque r\u00e9confort, tu peux repenser aux offenses que tu as faites \u00e0 la justice de Dieu, \u00e0 sa sagesse, \u00e0 sa mis\u00e9ricorde, mais uniquement pour pleurer des larmes salutaires de repentir et d&rsquo;amour.<\/p>\n<p>Saint [Padre] Pio de Pietrelcina (1887-1968), capucin<br \/>\n<i>GF 171,169 (trad. Une pens\u00e9e, M\u00e9diaspaul 1991, p. 46)<\/i><\/p>\n<p>&nbsp;<\/p>\n<p>&nbsp;<\/p>\n","protected":false},"excerpt":{"rendered":"<p>L&rsquo;esp\u00e9rance en la mis\u00e9ricorde in\u00e9puisable de Dieu nous soutient dans le tumulte des \u00e9motions et le flot des contrari\u00e9t\u00e9s\u00a0; c&rsquo;est avec confiance que nous accourons au sacrement de p\u00e9nitence o\u00f9 le Seigneur nous attend \u00e0 tout moment comme un P\u00e8re de mis\u00e9ricorde. Certes, devant lui nous sommes bien conscients de ne pas m\u00e9riter son pardon\u00a0; [&hellip;]<\/p>\n","protected":false},"author":2,"featured_media":0,"comment_status":"closed","ping_status":"closed","sticky":false,"template":"","format":"standard","meta":{"footnotes":""},"categories":[3,13,1261,28],"tags":[251,307,868,1067],"class_list":["post-10358","post","type-post","status-publish","format-standard","hentry","category-liturgique","category-ecritures","category-enseignement-2","category-saints-et-saintes","tag-confession","tag-divine-misericorde","tag-reconciliation","tag-st-padre-pio"],"_links":{"self":[{"href":"https:\/\/www.associationdemarie.org\/blog\/wp-json\/wp\/v2\/posts\/10358","targetHints":{"allow":["GET"]}}],"collection":[{"href":"https:\/\/www.associationdemarie.org\/blog\/wp-json\/wp\/v2\/posts"}],"about":[{"href":"https:\/\/www.associationdemarie.org\/blog\/wp-json\/wp\/v2\/types\/post"}],"author":[{"embeddable":true,"href":"https:\/\/www.associationdemarie.org\/blog\/wp-json\/wp\/v2\/users\/2"}],"replies":[{"embeddable":true,"href":"https:\/\/www.associationdemarie.org\/blog\/wp-json\/wp\/v2\/comments?post=10358"}],"version-history":[{"count":1,"href":"https:\/\/www.associationdemarie.org\/blog\/wp-json\/wp\/v2\/posts\/10358\/revisions"}],"predecessor-version":[{"id":10360,"href":"https:\/\/www.associationdemarie.org\/blog\/wp-json\/wp\/v2\/posts\/10358\/revisions\/10360"}],"wp:attachment":[{"href":"https:\/\/www.associationdemarie.org\/blog\/wp-json\/wp\/v2\/media?parent=10358"}],"wp:term":[{"taxonomy":"category","embeddable":true,"href":"https:\/\/www.associationdemarie.org\/blog\/wp-json\/wp\/v2\/categories?post=10358"},{"taxonomy":"post_tag","embeddable":true,"href":"https:\/\/www.associationdemarie.org\/blog\/wp-json\/wp\/v2\/tags?post=10358"}],"curies":[{"name":"wp","href":"https:\/\/api.w.org\/{rel}","templated":true}]}}