{"id":10345,"date":"2014-12-02T01:04:27","date_gmt":"2014-12-02T00:04:27","guid":{"rendered":"http:\/\/www.associationdemarie.org\/blog\/?p=10345"},"modified":"2014-11-16T00:08:00","modified_gmt":"2014-11-15T23:08:00","slug":"beaucoup-de-prophetes-et-de-rois-ont-voulu-voir-ce-que-vous-voyez-2","status":"publish","type":"post","link":"https:\/\/www.associationdemarie.org\/blog\/beaucoup-de-prophetes-et-de-rois-ont-voulu-voir-ce-que-vous-voyez-2\/","title":{"rendered":"\u00ab Beaucoup de proph\u00e8tes et de rois ont voulu voir ce que vous voyez. \u00bb"},"content":{"rendered":"<p><a href=\"https:\/\/www.associationdemarie.org\/blog\/wp-content\/uploads\/2014\/11\/images.jpeg\"><img loading=\"lazy\" decoding=\"async\" class=\"alignright size-full wp-image-10346\" alt=\"Parousie\" src=\"https:\/\/www.associationdemarie.org\/blog\/wp-content\/uploads\/2014\/11\/images.jpeg\" width=\"219\" height=\"230\" \/><\/a>\u00ab Seigneur, mon \u00e2me languit apr\u00e8s ton salut \u00bb (Ps 118,81), c&rsquo;est-\u00e0-dire dans son attente. Heureuse faiblesse, qui montre le d\u00e9sir d&rsquo;un bien non encore obtenu, mais passionn\u00e9ment convoit\u00e9. A qui donc reviennent ces paroles, sinon, depuis les origines de l&rsquo;humanit\u00e9, jusqu&rsquo;\u00e0 la fin des si\u00e8cles, \u00ab \u00e0 la race \u00e9lue, au sacerdoce royal, au peuple acquis \u00bb (1P 2,9), \u00e0 tout homme qui, chacun \u00e0 son \u00e9poque, v\u00e9cu, vit ou vivra dans le d\u00e9sir du Christ ?<\/p>\n<p>Le t\u00e9moin de cette attente, c&rsquo;est le saint vieillard Sym\u00e9on qui s&rsquo;\u00e9crie, en recevant l&rsquo;enfant dans ses bras : \u00ab Maintenant, \u00f4 Ma\u00eetre, tu peux, selon ta parole, laisser ton serviteur s&rsquo;en aller en paix, car mes yeux ont vu ton salut \u00bb (Lc 2,29-30). Car il avait re\u00e7u de Dieu la promesse qu&rsquo;il ne go\u00fbterait pas la mort avant d&rsquo;avoir vu le Christ du Seigneur. Le d\u00e9sir de ce vieillard \u2013- nous devons le croire -\u2013 est celui de tous les saints dans les temps qui ont pr\u00e9c\u00e9d\u00e9. C&rsquo;est pourquoi le Seigneur disait \u00e0 ses disciples : \u00ab Bien des proph\u00e8tes et des rois ont d\u00e9sir\u00e9 voir ce que vous voyez et ne l&rsquo;ont pas vu, entendre ce que vous entendez et ne l&rsquo;ont pas entendu \u00bb.<\/p>\n<p>Tous ces hommes doivent donc eux aussi \u00eatre compt\u00e9s parmi ceux qui chantent : \u00ab Mon \u00e2me a d\u00e9failli en vue de ton salut \u00bb. Jamais en ce temps-l\u00e0 ne s&rsquo;est apais\u00e9 ce d\u00e9sir des saints, et jamais d\u00e9sormais il ne s&rsquo;apaise dans le Corps du Christ, dans son Eglise, jusqu&rsquo;\u00e0 la fin du monde, jusqu&rsquo;\u00e0 ce que vienne \u00ab le D\u00e9sir\u00e9 de tous les peuples \u00bb promis par le proph\u00e8te (Ag 2,8 Vulg)&#8230; Le d\u00e9sir dont nous parlons vient de ce qu&rsquo;on aime comme l&rsquo;ap\u00f4tre Paul \u00ab la manifestation du Christ \u00bb. C&rsquo;est d&rsquo;elle qu&rsquo;il dit : \u00ab Quand le Christ appara\u00eetra, lui qui est votre vie, alors vous aussi vous appara\u00eetrez avec lui dans la gloire \u00bb (Col 3,4). L&rsquo;Eglise dans les premiers temps, avant l&rsquo;enfantement de la Vierge, a compt\u00e9 des saints qui d\u00e9siraient la venue du Christ dans la chair. Aujourd&rsquo;hui elle compte d&rsquo;autres saints qui d\u00e9sirent la manifestation du Christ dans sa gloire. Depuis le d\u00e9but du monde jusqu&rsquo;\u00e0 la fin des temps, ce d\u00e9sir de l&rsquo;Eglise ne conna\u00eet pas de r\u00e9pit.<\/p>\n<p>&nbsp;<\/p>\n","protected":false},"excerpt":{"rendered":"<p>\u00ab Seigneur, mon \u00e2me languit apr\u00e8s ton salut \u00bb (Ps 118,81), c&rsquo;est-\u00e0-dire dans son attente. Heureuse faiblesse, qui montre le d\u00e9sir d&rsquo;un bien non encore obtenu, mais passionn\u00e9ment convoit\u00e9. A qui donc reviennent ces paroles, sinon, depuis les origines de l&rsquo;humanit\u00e9, jusqu&rsquo;\u00e0 la fin des si\u00e8cles, \u00ab \u00e0 la race \u00e9lue, au sacerdoce royal, au [&hellip;]<\/p>\n","protected":false},"author":2,"featured_media":0,"comment_status":"closed","ping_status":"closed","sticky":false,"template":"","format":"standard","meta":{"footnotes":""},"categories":[3,13,26,28],"tags":[57,127,1382,336,775,1012],"class_list":["post-10345","post","type-post","status-publish","format-standard","hentry","category-liturgique","category-ecritures","category-priere-des-ames","category-saints-et-saintes","tag-ame","tag-avent","tag-ecritures","tag-eglise","tag-parousie","tag-st-augustin"],"_links":{"self":[{"href":"https:\/\/www.associationdemarie.org\/blog\/wp-json\/wp\/v2\/posts\/10345","targetHints":{"allow":["GET"]}}],"collection":[{"href":"https:\/\/www.associationdemarie.org\/blog\/wp-json\/wp\/v2\/posts"}],"about":[{"href":"https:\/\/www.associationdemarie.org\/blog\/wp-json\/wp\/v2\/types\/post"}],"author":[{"embeddable":true,"href":"https:\/\/www.associationdemarie.org\/blog\/wp-json\/wp\/v2\/users\/2"}],"replies":[{"embeddable":true,"href":"https:\/\/www.associationdemarie.org\/blog\/wp-json\/wp\/v2\/comments?post=10345"}],"version-history":[{"count":1,"href":"https:\/\/www.associationdemarie.org\/blog\/wp-json\/wp\/v2\/posts\/10345\/revisions"}],"predecessor-version":[{"id":10347,"href":"https:\/\/www.associationdemarie.org\/blog\/wp-json\/wp\/v2\/posts\/10345\/revisions\/10347"}],"wp:attachment":[{"href":"https:\/\/www.associationdemarie.org\/blog\/wp-json\/wp\/v2\/media?parent=10345"}],"wp:term":[{"taxonomy":"category","embeddable":true,"href":"https:\/\/www.associationdemarie.org\/blog\/wp-json\/wp\/v2\/categories?post=10345"},{"taxonomy":"post_tag","embeddable":true,"href":"https:\/\/www.associationdemarie.org\/blog\/wp-json\/wp\/v2\/tags?post=10345"}],"curies":[{"name":"wp","href":"https:\/\/api.w.org\/{rel}","templated":true}]}}