{"id":10341,"date":"2014-12-01T01:21:50","date_gmt":"2014-12-01T00:21:50","guid":{"rendered":"http:\/\/www.associationdemarie.org\/blog\/?p=10341"},"modified":"2014-11-15T08:26:43","modified_gmt":"2014-11-15T07:26:43","slug":"suis-je-un-chretien-de-lumiere","status":"publish","type":"post","link":"https:\/\/www.associationdemarie.org\/blog\/suis-je-un-chretien-de-lumiere\/","title":{"rendered":"Suis-je un chr\u00e9tien de lumi\u00e8re ?"},"content":{"rendered":"<p><a href=\"https:\/\/www.associationdemarie.org\/blog\/wp-content\/uploads\/2014\/12\/7.5.jpg\"><img loading=\"lazy\" decoding=\"async\" class=\"aligncenter size-full wp-image-10343\" alt=\"croix\" src=\"https:\/\/www.associationdemarie.org\/blog\/wp-content\/uploads\/2014\/12\/7.5.jpg\" width=\"450\" height=\"320\" srcset=\"https:\/\/www.associationdemarie.org\/blog\/wp-content\/uploads\/2014\/12\/7.5.jpg 450w, https:\/\/www.associationdemarie.org\/blog\/wp-content\/uploads\/2014\/12\/7.5-300x213.jpg 300w\" sizes=\"auto, (max-width: 450px) 100vw, 450px\" \/><\/a><\/p>\n<div>Ainsi, \u00ab il y a des chr\u00e9tiens lumineux, pleins de lumi\u00e8re, qui cherchent \u00e0 servir le Seigneur avec cette lumi\u00e8re ; il y a des chr\u00e9tiens t\u00e9n\u00e9breux qui vivent une vie de p\u00e9ch\u00e9, une vie \u00e9loign\u00e9e du Seigneur \u00bb.<\/div>\n<div><\/div>\n<div>Le pape a fait ressortir quatre paroles qui permettent de d\u00e9busquer les fils des t\u00e9n\u00e8bres, paroles qui \u00ab ne viennent pas de l&rsquo;Esprit-Saint, ne viennent pas de J\u00e9sus, ne sont pas des paroles \u00e9vang\u00e9liques \u00bb mais viennent \u00ab du Malin \u00bb.<\/div>\n<div><\/div>\n<div>Ces quatre paroles sont : \u00ab les paroles hypocrites : un peu de ci, un peu de l\u00e0, pour rester en bons termes avec tous ; les paroles vides, sans substance : peut-\u00eatre belles, bien dites, mais sans rien \u00e0 l&rsquo;int\u00e9rieur ; les paroles vulgaires, triviales, mondaines ; et enfin les paroles sales, obsc\u00e8nes \u00bb.<\/div>\n<div><\/div>\n<div><b>L\u2019attitude et la parole des saints, des fils de la lumi\u00e8re, sont au contraire telles que d\u00e9crites par saint Paul : \u00ab\u00a0<i>Soyez entre vous pleins de g\u00e9n\u00e9rosit\u00e9 et de tendresse. Pardonnez-vous les uns aux autres, comme Dieu vous a pardonn\u00e9 dans le Christ&#8230; Vivez dans l&rsquo;amour.<\/i>\u00a0\u00bb<\/b><\/div>\n<div><\/div>\n<div>Mais \u00ab il y a un troisi\u00e8me groupe de chr\u00e9tiens, ni lumineux ni sombres, ce sont les chr\u00e9tiens du gris \u00bb. Ils oscillent entre \u00ab Dieu et le diable \u00bb : \u00ab ce sont les ti\u00e8des. Ceux-l\u00e0 Dieu ne les aime pas. Dans l&rsquo;apocalypse, il leur dit :<i>\u00a0\u00ab\u00a0Je connais tes actions, je sais que tu n\u2019es ni froid ni br\u00fblant \u2013 mieux vaudrait que tu sois ou froid ou br\u00fblant. Aussi, puisque tu es ti\u00e8de, je vais te vomir de ma bouche.\u00a0\u00bb \u00bb\u00a0<\/i>(Ap 3,15-16).<\/div>\n<div><\/div>\n<div>Les chr\u00e9tiens du gris sont \u00ab chr\u00e9tiens, mais sans exag\u00e9rer \u00bb, ils \u00ab disent et font beaucoup de mal, car leur t\u00e9moignage chr\u00e9tien est un t\u00e9moignage qui s\u00e8me au final la confusion, qui s\u00e8me un t\u00e9moignage n\u00e9gatif \u00bb.<\/div>\n<div><\/div>\n<div>Pour \u00ab faire un pas en avant vers le Seigneur \u00bb, le pape a invit\u00e9 le chr\u00e9tien \u00e0 r\u00e9fl\u00e9chir sur son langage en se demandant \u00ab Suis-je un chr\u00e9tien de la lumi\u00e8re ? Un chr\u00e9tien de l&rsquo;obscurit\u00e9 ? Suis-je un chr\u00e9tien du gris ? \u00bb.<\/div>\n<div>\u00a0<span style=\"color: #ffffff;\">.<\/span><\/div>\n<div><i>Le Pape Fran\u00e7ois\u00a0<\/i><\/div>\n<div><i>Hom\u00e9lie du matin, 27 octobre 2014 (extraits)<\/i><\/div>\n<div><i>zenit.com<\/i><\/div>\n<div><\/div>\n<div><\/div>\n<div><\/div>\n","protected":false},"excerpt":{"rendered":"<p>Ainsi, \u00ab il y a des chr\u00e9tiens lumineux, pleins de lumi\u00e8re, qui cherchent \u00e0 servir le Seigneur avec cette lumi\u00e8re ; il y a des chr\u00e9tiens t\u00e9n\u00e9breux qui vivent une vie de p\u00e9ch\u00e9, une vie \u00e9loign\u00e9e du Seigneur \u00bb. Le pape a fait ressortir quatre paroles qui permettent de d\u00e9busquer les fils des t\u00e9n\u00e8bres, paroles [&hellip;]<\/p>\n","protected":false},"author":2,"featured_media":0,"comment_status":"closed","ping_status":"closed","sticky":false,"template":"","format":"standard","meta":{"footnotes":""},"categories":[3,14,26],"tags":[218,387,600],"class_list":["post-10341","post","type-post","status-publish","format-standard","hentry","category-liturgique","category-groupe-prieres","category-priere-des-ames","tag-chretiens","tag-evangelisation","tag-lumiere"],"_links":{"self":[{"href":"https:\/\/www.associationdemarie.org\/blog\/wp-json\/wp\/v2\/posts\/10341","targetHints":{"allow":["GET"]}}],"collection":[{"href":"https:\/\/www.associationdemarie.org\/blog\/wp-json\/wp\/v2\/posts"}],"about":[{"href":"https:\/\/www.associationdemarie.org\/blog\/wp-json\/wp\/v2\/types\/post"}],"author":[{"embeddable":true,"href":"https:\/\/www.associationdemarie.org\/blog\/wp-json\/wp\/v2\/users\/2"}],"replies":[{"embeddable":true,"href":"https:\/\/www.associationdemarie.org\/blog\/wp-json\/wp\/v2\/comments?post=10341"}],"version-history":[{"count":2,"href":"https:\/\/www.associationdemarie.org\/blog\/wp-json\/wp\/v2\/posts\/10341\/revisions"}],"predecessor-version":[{"id":10344,"href":"https:\/\/www.associationdemarie.org\/blog\/wp-json\/wp\/v2\/posts\/10341\/revisions\/10344"}],"wp:attachment":[{"href":"https:\/\/www.associationdemarie.org\/blog\/wp-json\/wp\/v2\/media?parent=10341"}],"wp:term":[{"taxonomy":"category","embeddable":true,"href":"https:\/\/www.associationdemarie.org\/blog\/wp-json\/wp\/v2\/categories?post=10341"},{"taxonomy":"post_tag","embeddable":true,"href":"https:\/\/www.associationdemarie.org\/blog\/wp-json\/wp\/v2\/tags?post=10341"}],"curies":[{"name":"wp","href":"https:\/\/api.w.org\/{rel}","templated":true}]}}