{"id":10336,"date":"2017-12-03T01:18:55","date_gmt":"2017-12-03T00:18:55","guid":{"rendered":"http:\/\/www.associationdemarie.org\/blog\/?p=10336"},"modified":"2017-11-18T08:15:32","modified_gmt":"2017-11-18T07:15:32","slug":"premier-dimanche-de-lavent-2","status":"publish","type":"post","link":"https:\/\/www.associationdemarie.org\/blog\/premier-dimanche-de-lavent-2\/","title":{"rendered":"Premier dimanche de l&rsquo;Avent"},"content":{"rendered":"<p>Le temps de l&rsquo;Avent (du latin\u00a0adventus, \u00ab\u00a0<em>venue, av\u00e8nement<\/em>\u00a0\u00bb) s&rsquo;ouvre le 4e dimanche pr\u00e9c\u00e9dant No\u00ebl.<\/p>\n<p align=\"center\"><strong>L&rsquo;Avent dans la Bible\u00a0<\/strong><\/p>\n<p>Pendant les messes de l&rsquo;Avent, les lectures rappellent d&rsquo;abord la longue attente par les H\u00e9breux du Sauveur annonc\u00e9 par Dieu : \u00ab\u00a0<em>Un rameau sortira de la souche de Jess\u00e9<\/em>\u00a0(p\u00e8re de David),\u00a0<em>un rejeton jaillira de ses racines. Sur lui reposera l&rsquo;esprit du Seigneur : esprit de sagesse et de discernement, esprit de conseil et de force, esprit de connaissance et de crainte du Seigneur. Il ne jugera pas d&rsquo;apr\u00e8s les apparences, il ne tranchera pas d&rsquo;apr\u00e8s ce qu&rsquo;il entend dire. Il jugera les petits avec justice, il tranchera avec droiture en faveur des pauvres du pays&#8230;<\/em>\u00bb (<em>Is 11, 1-4<\/em>).<\/p>\n<p>Les lectures de l&rsquo;Avent rappellent \u00e9galement comment fut con\u00e7u et attendu l&rsquo;enfant J\u00e9sus : l&rsquo;ange Gabriel appara\u00eet \u00e0 Marie et lui annonce qu&rsquo;elle va \u00ab\u00a0<em>concevoir et enfanter un fils ; tu lui donneras le nom de J\u00e9sus\u00a0(&#8230;)<\/em>\u00a0<em>L&rsquo;esprit Sain viendra sur toi, et la puissance du Tr\u00e8s-Haut te prendra sous son ombre ; c&rsquo;est pourquoi celui qui va na\u00eetre sera saint, et il sera appel\u00e9 Fils de Dieu\u00a0<\/em>\u00bb (<em>Lc 1, 26-38<\/em>)<\/p>\n<p>Jean-Baptiste, fils d&rsquo;Elizabeth et cousin de J\u00e9sus, appelait ses prochains \u00e0 la conversion et annon\u00e7ait la venue imminente du Fils de Dieu en ces termes : \u00ab\u00a0<em>Moi, je vous baptise dans l&rsquo;eau, pour vous amener \u00e0 la conversion. Mais celui qui vient derri\u00e8re moi est plus fort que moi, et je ne suis pas digne de lui retirer ses sandales. Lui vous baptisera dans l&rsquo;Esprit Saint et dans le feu<\/em>\u00a0\u00bb (Mc 1,1.8 et Jn 1,19.28)<\/p>\n<p>De m\u00eame, le temps de l&rsquo;Avent appelle \u00e0 la conversion int\u00e9rieure. Les c\u00e9l\u00e9brations rappellent, en permanence et avec force, que les fid\u00e8les doivent \u00eatre mobilis\u00e9s spirituellement pour que la foi soit un ferment constant de renouvellement personnel et social autant que de confiance dans l&rsquo;avenir.<\/p>\n<p><a href=\"https:\/\/www.associationdemarie.org\/blog\/wp-content\/uploads\/2014\/11\/kawh3ovl.gif\"><img loading=\"lazy\" decoding=\"async\" class=\"aligncenter size-full wp-image-10338\" src=\"https:\/\/www.associationdemarie.org\/blog\/wp-content\/uploads\/2014\/11\/kawh3ovl.gif\" alt=\"Avent\" width=\"500\" height=\"600\" \/><\/a><\/p>\n<p align=\"center\"><strong><a href=\"http:\/\/www.google.fr\/url?sa=t&amp;rct=j&amp;q=&amp;esrc=s&amp;frm=1&amp;source=web&amp;cd=1&amp;cad=rja&amp;ved=0CCEQFjAA&amp;url=http%3A%2F%2F92.catholique.fr%2Ffaq%2Ffetes_avent.htm&amp;ei=7JqVUOP7JcSKhQeXkYFY&amp;usg=AFQjCNGEBrTMY8KpPeEp3nS2h-8exI5MUg\">Temps de l&rsquo;Avent<\/a><\/strong><\/p>\n<p>Dans le Calendrier liturgique catholique, le temps de l&rsquo;Avent est constitu\u00e9 de 4 semaines, commen\u00e7ant chacune par un dimanche dont les noms traditionnels correspondent aux premiers mots de l&rsquo;Antienne d&rsquo;ouverture :<\/p>\n<ul>\n<li>Premier dimanche de l&rsquo;Avent :\u00a0<em>Ad Te levavi&#8230;<\/em>\u00a0(=\u00a0<em>Vers Toi, Seigneur, j&rsquo;\u00e9l\u00e8ve mon \u00e2me<\/em>)<\/li>\n<li>Deuxi\u00e8me dimanche de l&rsquo;Avent :\u00a0<em>Populus Sion&#8230;\u00a0<\/em>(=\u00a0<em>Peuple de Dieu<\/em>)<\/li>\n<li>Troisi\u00e8me dimanche de l&rsquo;Avent :\u00a0<em>Gaudete&#8230;<\/em>\u00a0(=\u00a0<em>Soyez dans la joie du Seigneur<\/em>)<\/li>\n<li>Quatri\u00e8me dimanche de l&rsquo;Avent :\u00a0<em>Rorate&#8230;<\/em>\u00a0(=<em>Cieux, faites venir le Juste comme une ros\u00e9e<\/em>).<\/li>\n<\/ul>\n<p>&nbsp;<\/p>\n<p>&nbsp;<\/p>\n<p><strong>L&rsquo;avenir transforme le pr\u00e9sent<\/strong><\/p>\n<p><em>La \u00abd\u00e9chirure des cieux\u00bb que nous c\u00e9l\u00e9brerons \u00e0 No\u00ebl avec la naissance de J\u00e9sus, c\u2019est dans nos vies aussi qu\u2019elle se manifeste. Notre fa\u00e7on de vivre peut faire signe aux autres, nos actions peuvent engendrer un monde nouveau.<\/em><\/p>\n<p><strong>J\u00e9sus parlait \u00e0 ses disciples de sa venue\u00a0:<br \/>\n\u00ab\u00a0Prenez garde, veillez\u00a0: car vous ne savez pas quand viendra le moment.<br \/>\nIl en est comme d\u2019un homme parti en voyage\u00a0: en quittant sa maison, il a donn\u00e9 tout pouvoir \u00e0 ses serviteurs , fix\u00e9 chacun \u00e0 son travail, et recommand\u00e9 au portier de veiller. Veillez donc car vous ne savez pas quand le ma\u00eetre de la maison reviendra, le soir ou \u00e0 minuit, au chant du coq ou le matin.<br \/>\nIl peut arriver \u00e0 l\u2019improviste et vous trouver endormis.<br \/>\nCe que je vous dis l\u00e0, je le dis \u00e0 tous\u00a0: VEILLEZ\u00a0!\u00a0\u00bb <\/strong><\/p>\n<p><strong><a href=\"https:\/\/www.associationdemarie.org\/blog\/wp-content\/uploads\/2011\/11\/veillez.gif\"><img loading=\"lazy\" decoding=\"async\" class=\"aligncenter size-medium wp-image-4380\" title=\"veillez\" src=\"https:\/\/www.associationdemarie.org\/blog\/wp-content\/uploads\/2011\/11\/veillez-300x201.gif\" alt=\"\" width=\"300\" height=\"201\" \/><\/a><\/strong><\/p>\n<p>&nbsp;<\/p>\n<p>&nbsp;<\/p>\n<p>&nbsp;<\/p>\n","protected":false},"excerpt":{"rendered":"<p>Le temps de l&rsquo;Avent (du latin\u00a0adventus, \u00ab\u00a0venue, av\u00e8nement\u00a0\u00bb) s&rsquo;ouvre le 4e dimanche pr\u00e9c\u00e9dant No\u00ebl. L&rsquo;Avent dans la Bible\u00a0 Pendant les messes de l&rsquo;Avent, les lectures rappellent d&rsquo;abord la longue attente par les H\u00e9breux du Sauveur annonc\u00e9 par Dieu : \u00ab\u00a0Un rameau sortira de la souche de Jess\u00e9\u00a0(p\u00e8re de David),\u00a0un rejeton jaillira de ses racines. Sur [&hellip;]<\/p>\n","protected":false},"author":2,"featured_media":0,"comment_status":"closed","ping_status":"closed","sticky":false,"template":"","format":"standard","meta":{"footnotes":""},"categories":[3,13,28],"tags":[78,93,127,1382,1175],"class_list":["post-10336","post","type-post","status-publish","format-standard","hentry","category-liturgique","category-ecritures","category-saints-et-saintes","tag-annonciation","tag-archange-gabriel","tag-avent","tag-ecritures","tag-veillez"],"_links":{"self":[{"href":"https:\/\/www.associationdemarie.org\/blog\/wp-json\/wp\/v2\/posts\/10336","targetHints":{"allow":["GET"]}}],"collection":[{"href":"https:\/\/www.associationdemarie.org\/blog\/wp-json\/wp\/v2\/posts"}],"about":[{"href":"https:\/\/www.associationdemarie.org\/blog\/wp-json\/wp\/v2\/types\/post"}],"author":[{"embeddable":true,"href":"https:\/\/www.associationdemarie.org\/blog\/wp-json\/wp\/v2\/users\/2"}],"replies":[{"embeddable":true,"href":"https:\/\/www.associationdemarie.org\/blog\/wp-json\/wp\/v2\/comments?post=10336"}],"version-history":[{"count":5,"href":"https:\/\/www.associationdemarie.org\/blog\/wp-json\/wp\/v2\/posts\/10336\/revisions"}],"predecessor-version":[{"id":15619,"href":"https:\/\/www.associationdemarie.org\/blog\/wp-json\/wp\/v2\/posts\/10336\/revisions\/15619"}],"wp:attachment":[{"href":"https:\/\/www.associationdemarie.org\/blog\/wp-json\/wp\/v2\/media?parent=10336"}],"wp:term":[{"taxonomy":"category","embeddable":true,"href":"https:\/\/www.associationdemarie.org\/blog\/wp-json\/wp\/v2\/categories?post=10336"},{"taxonomy":"post_tag","embeddable":true,"href":"https:\/\/www.associationdemarie.org\/blog\/wp-json\/wp\/v2\/tags?post=10336"}],"curies":[{"name":"wp","href":"https:\/\/api.w.org\/{rel}","templated":true}]}}