{"id":10331,"date":"2014-11-29T01:04:13","date_gmt":"2014-11-29T00:04:13","guid":{"rendered":"http:\/\/www.associationdemarie.org\/blog\/?p=10331"},"modified":"2020-09-02T08:23:34","modified_gmt":"2020-09-02T07:23:34","slug":"intentions-de-priere-decembre-2014","status":"publish","type":"post","link":"https:\/\/www.associationdemarie.org\/blog\/intentions-de-priere-decembre-2014\/","title":{"rendered":"Intentions de pri\u00e8re &#8211; d\u00e9cembre 2014"},"content":{"rendered":"<p style=\"text-align: center;\">\n<p><strong>Universelle &#8211; No\u00ebl, esp\u00e9rance pour l&rsquo;humanit\u00e9<\/strong><br \/>\nPour que la naissance du R\u00e9dempteur apporte paix et esp\u00e9rance \u00e0 tous les hommes de bonne volont\u00e9.<br \/>\n<strong><br \/>\nPour l&rsquo;\u00e9vang\u00e9lisation &#8211; Les parents<\/strong><br \/>\nPour que les parents soient d&rsquo;authentiques \u00e9vang\u00e9lisateurs,<br \/>\ntransmettant \u00e0 leurs enfants le don pr\u00e9cieux de la foi.<\/p>\n<p>&nbsp;<\/p>\n<p>&nbsp;<\/p>\n<p>&nbsp;<\/p>\n<p>&nbsp;<\/p>\n<p>&nbsp;<\/p>\n<p>&nbsp;<\/p>\n","protected":false},"excerpt":{"rendered":"<p>Universelle &#8211; No\u00ebl, esp\u00e9rance pour l&rsquo;humanit\u00e9 Pour que la naissance du R\u00e9dempteur apporte paix et esp\u00e9rance \u00e0 tous les hommes de bonne volont\u00e9. Pour l&rsquo;\u00e9vang\u00e9lisation &#8211; Les parents Pour que les parents soient d&rsquo;authentiques \u00e9vang\u00e9lisateurs, transmettant \u00e0 leurs enfants le don pr\u00e9cieux de la foi. &nbsp; &nbsp; &nbsp; &nbsp; &nbsp; &nbsp;<\/p>\n","protected":false},"author":2,"featured_media":0,"comment_status":"closed","ping_status":"closed","sticky":false,"template":"","format":"standard","meta":{"footnotes":""},"categories":[3,14,27],"tags":[387,504,715,757,761,871,1001],"class_list":["post-10331","post","type-post","status-publish","format-standard","hentry","category-liturgique","category-groupe-prieres","category-prieres","tag-evangelisation","tag-intentions-de-priere","tag-noel","tag-paix","tag-pape-francois","tag-redempteur","tag-soutien-parental"],"_links":{"self":[{"href":"https:\/\/www.associationdemarie.org\/blog\/wp-json\/wp\/v2\/posts\/10331","targetHints":{"allow":["GET"]}}],"collection":[{"href":"https:\/\/www.associationdemarie.org\/blog\/wp-json\/wp\/v2\/posts"}],"about":[{"href":"https:\/\/www.associationdemarie.org\/blog\/wp-json\/wp\/v2\/types\/post"}],"author":[{"embeddable":true,"href":"https:\/\/www.associationdemarie.org\/blog\/wp-json\/wp\/v2\/users\/2"}],"replies":[{"embeddable":true,"href":"https:\/\/www.associationdemarie.org\/blog\/wp-json\/wp\/v2\/comments?post=10331"}],"version-history":[{"count":4,"href":"https:\/\/www.associationdemarie.org\/blog\/wp-json\/wp\/v2\/posts\/10331\/revisions"}],"predecessor-version":[{"id":19233,"href":"https:\/\/www.associationdemarie.org\/blog\/wp-json\/wp\/v2\/posts\/10331\/revisions\/19233"}],"wp:attachment":[{"href":"https:\/\/www.associationdemarie.org\/blog\/wp-json\/wp\/v2\/media?parent=10331"}],"wp:term":[{"taxonomy":"category","embeddable":true,"href":"https:\/\/www.associationdemarie.org\/blog\/wp-json\/wp\/v2\/categories?post=10331"},{"taxonomy":"post_tag","embeddable":true,"href":"https:\/\/www.associationdemarie.org\/blog\/wp-json\/wp\/v2\/tags?post=10331"}],"curies":[{"name":"wp","href":"https:\/\/api.w.org\/{rel}","templated":true}]}}