{"id":10307,"date":"2014-11-23T01:23:41","date_gmt":"2014-11-23T00:23:41","guid":{"rendered":"http:\/\/www.associationdemarie.org\/blog\/?p=10307"},"modified":"2014-11-09T08:28:40","modified_gmt":"2014-11-09T07:28:40","slug":"solennite-du-christ-roi-de-lunivers-2","status":"publish","type":"post","link":"https:\/\/www.associationdemarie.org\/blog\/solennite-du-christ-roi-de-lunivers-2\/","title":{"rendered":"Solennit\u00e9 du Christ, Roi de l&rsquo;Univers"},"content":{"rendered":"<p style=\"text-align: center;\"><a href=\"https:\/\/www.associationdemarie.org\/blog\/wp-content\/uploads\/2014\/11\/10241985.jpg\"><img loading=\"lazy\" decoding=\"async\" class=\"aligncenter  wp-image-10308\" alt=\"Christ Roi\" src=\"https:\/\/www.associationdemarie.org\/blog\/wp-content\/uploads\/2014\/11\/10241985.jpg\" width=\"402\" height=\"560\" srcset=\"https:\/\/www.associationdemarie.org\/blog\/wp-content\/uploads\/2014\/11\/10241985.jpg 502w, https:\/\/www.associationdemarie.org\/blog\/wp-content\/uploads\/2014\/11\/10241985-215x300.jpg 215w\" sizes=\"auto, (max-width: 402px) 100vw, 402px\" \/><\/a><\/p>\n<p>Chers fr\u00e8res et s\u0153urs,<\/p>\n<p>En ce dernier dimanche de l&rsquo;Ann\u00e9e liturgique, nous c\u00e9l\u00e9brons la solennit\u00e9 de J\u00e9sus Christ Roi de l&rsquo;Univers, une f\u00eate institu\u00e9e de fa\u00e7on relativement r\u00e9cente, mais qui a des racines bibliques et th\u00e9ologique profondes. Le titre de\u00a0<em>roi<\/em>, appliqu\u00e9 \u00e0 J\u00e9sus, est tr\u00e8s important dans les \u00c9vangiles et il permet de donner une lecture compl\u00e8te de sa figure et de sa mission de salut. On peut remarquer \u00e0 ce propos une progression\u00a0: on part de l&rsquo;expression\u00a0<em>roi des Juifs<\/em>\u00a0et on arrive \u00e0 celle de roi universel, Seigneur de l&rsquo;univers et de l&rsquo;histoire, donc tr\u00e8s au-del\u00e0 des attentes du peuple juif lui-m\u00eame.<\/p>\n<p>Au centre de ce parcours de r\u00e9v\u00e9lation de la royaut\u00e9 de J\u00e9sus Christ, il y a encore une fois le myst\u00e8re de sa mort et de sa r\u00e9surrection. Lorsque J\u00e9sus est mis en croix, les pr\u00eatres, les scribes et les anciens le tournent en d\u00e9rision en disant\u00a0: \u00ab\u00a0<em>Il est le roi d&rsquo;Isra\u00ebl\u00a0; qu&rsquo;il descende maintenant de la croix et nous croirons en lui\u00a0<\/em>\u00bb (<em>Mt 27, 42<\/em>).<\/p>\n<p>En r\u00e9alit\u00e9, c&rsquo;est justement parce qu&rsquo;il est le Fils de Dieu que J\u00e9sus s&rsquo;est remis librement \u00e0 sa passion, et la croix est le signe paradoxal de sa royaut\u00e9 qui consiste dans la volont\u00e9 d&rsquo;amour de Dieu le P\u00e8re sur la d\u00e9sob\u00e9issance du p\u00e9ch\u00e9. C&rsquo;est justement en s&rsquo;offrant lui-m\u00eame en sacrifice d&rsquo;expiation que J\u00e9sus devient le Roi universel, comme il le d\u00e9clarera Lui-m\u00eame en apparaissant aux ap\u00f4tres apr\u00e8s la r\u00e9surrection\u00a0: \u00ab\u00a0<em>Tout pouvoir m&rsquo;a \u00e9t\u00e9 donn\u00e9 au ciel et sur la terre\u00a0<\/em>\u00bb (<em>Mt 28, 18<\/em>).<\/p>\n<p>Mais en quoi consiste le\u00a0<em>pouvoir<\/em>\u00a0de J\u00e9sus Christ Roi\u00a0? Ce n&rsquo;est pas celui des rois et des grands de ce monde\u00a0; c&rsquo;est le pouvoir divin de donner la vie \u00e9ternelle, de lib\u00e9rer du mal, de vaincre le pouvoir de la mort. C&rsquo;est le pouvoir de l&rsquo;Amour, qui sait tirer le bien du mal, attendrir un c\u0153ur endurci, apporter la paix dans le conflit le plus \u00e2pre, allumer l&rsquo;esp\u00e9rance dans les t\u00e9n\u00e8bres les plus \u00e9paisses. Ce r\u00e8gne de la Gr\u00e2ce ne s&rsquo;impose jamais, et respecte toujours notre libert\u00e9.<\/p>\n<p>Le Christ est venu \u00ab\u00a0<em>rendre t\u00e9moignage \u00e0 la v\u00e9rit\u00e9\u00a0<\/em>\u00bb (<em>Jn 18, 37<\/em>) &#8211; comme il l&rsquo;a dit devant Pilate -: qui accueille son t\u00e9moignage se place sous son\u00a0<em>\u00e9tendard<\/em>, selon l&rsquo;image ch\u00e8re \u00e0 saint Ignace de Loyola. Un choix &#8211; ce\u00a0<em>oui<\/em>\u00a0&#8211; est donc n\u00e9cessaire pour chaque conscience\u00a0: qui est-ce que je veux suivre\u00a0? Dieu ou le malin\u00a0? La v\u00e9rit\u00e9 ou le mensonge\u00a0? Choisir le Christ ne garantit pas le succ\u00e8s selon les crit\u00e8res du monde, mais assure cette paix et cette joie que lui seul peut donner. C&rsquo;est ce que manifeste \u00e0 chaque \u00e9poque l&rsquo;exp\u00e9rience de tant d&rsquo;hommes et de femmes qui, au nom du Christ, au nom de la v\u00e9rit\u00e9 et de la justice, ont su s&rsquo;opposer aux flatteries des pouvoirs terrestres et de leurs diff\u00e9rents masques, jusqu&rsquo;\u00e0 sceller cette fid\u00e9lit\u00e9 par le martyre.<\/p>\n<p>Chers fr\u00e8res et s\u0153urs, lorsque l&rsquo;Ange Gabriel a apport\u00e9 l&rsquo;annonce \u00e0 Marie, il lui a annonc\u00e9 que son Fils aurait h\u00e9rit\u00e9 du tr\u00f4ne de David, et qu&rsquo;il aurait r\u00e9gn\u00e9 \u00e0 jamais (<em>cf. Lc 1, 32-33<\/em>). Et la Sainte Vierge a cru avant m\u00eame de l&rsquo;offrir au monde. Elle a ensuite d\u00fb certainement se demander quel nouveau genre de royaut\u00e9 serait celle de J\u00e9sus, et elle l&rsquo;a compris en \u00e9coutant ses paroles et surtout en participant intimement au myst\u00e8re de sa mort sur la croix et de sa r\u00e9surrection. Demandons \u00e0 Marie de nous aider nous aussi \u00e0 suivre J\u00e9sus, notre Roi, comme elle l&rsquo;a fait elle-m\u00eame, et \u00e0 lui rendre t\u00e9moignage par toute notre existence.<\/p>\n<p>Je souhaite \u00e0 tous un bon dimanche.<\/p>\n<p align=\"center\">Beno\u00eet XVI &#8211;\u00a0<em>Angelus<\/em>\u00a0du dimanche 22 novembre 2009<\/p>\n<p><span style=\"line-height: 1.5em;\">\u00a9 Copyright 2009 &#8211; Libreria Editrice Vaticana<\/span><\/p>\n<p>Source principale : vatican.va (\u00ab R\u00e9v. x gpm\u00bb).<\/p>\n","protected":false},"excerpt":{"rendered":"<p>Chers fr\u00e8res et s\u0153urs, En ce dernier dimanche de l&rsquo;Ann\u00e9e liturgique, nous c\u00e9l\u00e9brons la solennit\u00e9 de J\u00e9sus Christ Roi de l&rsquo;Univers, une f\u00eate institu\u00e9e de fa\u00e7on relativement r\u00e9cente, mais qui a des racines bibliques et th\u00e9ologique profondes. Le titre de\u00a0roi, appliqu\u00e9 \u00e0 J\u00e9sus, est tr\u00e8s important dans les \u00c9vangiles et il permet de donner une [&hellip;]<\/p>\n","protected":false},"author":2,"featured_media":0,"comment_status":"closed","ping_status":"closed","sticky":false,"template":"","format":"standard","meta":{"footnotes":""},"categories":[3,13,15],"tags":[142,221],"class_list":["post-10307","post","type-post","status-publish","format-standard","hentry","category-liturgique","category-ecritures","category-histoire","tag-benoit-16","tag-christ-roi"],"_links":{"self":[{"href":"https:\/\/www.associationdemarie.org\/blog\/wp-json\/wp\/v2\/posts\/10307","targetHints":{"allow":["GET"]}}],"collection":[{"href":"https:\/\/www.associationdemarie.org\/blog\/wp-json\/wp\/v2\/posts"}],"about":[{"href":"https:\/\/www.associationdemarie.org\/blog\/wp-json\/wp\/v2\/types\/post"}],"author":[{"embeddable":true,"href":"https:\/\/www.associationdemarie.org\/blog\/wp-json\/wp\/v2\/users\/2"}],"replies":[{"embeddable":true,"href":"https:\/\/www.associationdemarie.org\/blog\/wp-json\/wp\/v2\/comments?post=10307"}],"version-history":[{"count":1,"href":"https:\/\/www.associationdemarie.org\/blog\/wp-json\/wp\/v2\/posts\/10307\/revisions"}],"predecessor-version":[{"id":10309,"href":"https:\/\/www.associationdemarie.org\/blog\/wp-json\/wp\/v2\/posts\/10307\/revisions\/10309"}],"wp:attachment":[{"href":"https:\/\/www.associationdemarie.org\/blog\/wp-json\/wp\/v2\/media?parent=10307"}],"wp:term":[{"taxonomy":"category","embeddable":true,"href":"https:\/\/www.associationdemarie.org\/blog\/wp-json\/wp\/v2\/categories?post=10307"},{"taxonomy":"post_tag","embeddable":true,"href":"https:\/\/www.associationdemarie.org\/blog\/wp-json\/wp\/v2\/tags?post=10307"}],"curies":[{"name":"wp","href":"https:\/\/api.w.org\/{rel}","templated":true}]}}