{"id":10295,"date":"2014-11-20T01:36:31","date_gmt":"2014-11-20T00:36:31","guid":{"rendered":"http:\/\/www.associationdemarie.org\/blog\/?p=10295"},"modified":"2014-11-06T21:42:48","modified_gmt":"2014-11-06T20:42:48","slug":"si-toi-aussi-tu-avais-reconnu-en-ce-jour-ce-qui-peut-te-donner-la-paix","status":"publish","type":"post","link":"https:\/\/www.associationdemarie.org\/blog\/si-toi-aussi-tu-avais-reconnu-en-ce-jour-ce-qui-peut-te-donner-la-paix\/","title":{"rendered":"\u00ab Si toi aussi, tu avais reconnu en ce jour ce qui peut te donner la paix. \u00bb"},"content":{"rendered":"<p style=\"text-align: center;\"><a href=\"https:\/\/www.associationdemarie.org\/blog\/wp-content\/uploads\/2014\/11\/soleil-levant-sur-givre-8338871d-8624-4128-a662-8a7704f69716.jpg\"><img loading=\"lazy\" decoding=\"async\" class=\"aligncenter  wp-image-10296\" alt=\"soleil-levant-sur-givre-8338871d-8624-4128-a662-8a7704f69716\" src=\"https:\/\/www.associationdemarie.org\/blog\/wp-content\/uploads\/2014\/11\/soleil-levant-sur-givre-8338871d-8624-4128-a662-8a7704f69716.jpg\" width=\"480\" height=\"318\" srcset=\"https:\/\/www.associationdemarie.org\/blog\/wp-content\/uploads\/2014\/11\/soleil-levant-sur-givre-8338871d-8624-4128-a662-8a7704f69716.jpg 1000w, https:\/\/www.associationdemarie.org\/blog\/wp-content\/uploads\/2014\/11\/soleil-levant-sur-givre-8338871d-8624-4128-a662-8a7704f69716-300x199.jpg 300w\" sizes=\"auto, (max-width: 480px) 100vw, 480px\" \/><\/a><\/p>\n<p>Je me suis pench\u00e9 \u00e0 la fen\u00eatre\u2026 Le soleil commen\u00e7ait \u00e0 se lever. Une paix tr\u00e8s grande r\u00e9gnait sur la nature. Tout commen\u00e7ait \u00e0 s&rsquo;\u00e9veiller, la terre, le ciel, les oiseaux. Tout, petit \u00e0 petit, commen\u00e7ait \u00e0 s&rsquo;\u00e9veiller sous l&rsquo;ordre de Dieu. Tout ob\u00e9issait \u00e0 ses divines lois, sans plaintes ni sursauts, doucement, avec mansu\u00e9tude, aussi bien la lumi\u00e8re que les t\u00e9n\u00e8bres, aussi bien le ciel bleu que la terre dure couverte de la ros\u00e9e de l&rsquo;aube. Que Dieu est bon ! pensais-je. Il y a la paix partout, sauf dans le c\u0153ur humain.<\/p>\n<p>Et d\u00e9licatement, doucement, Dieu m&rsquo;enseigna aussi, par cette aube douce et tranquille, \u00e0 ob\u00e9ir ; une tr\u00e8s grande paix remplit mon \u00e2me. J&rsquo;ai pens\u00e9 que Dieu seul est bon, que tout est ordonn\u00e9 par lui, que rien n&rsquo;a de l&rsquo;importance dans ce que les hommes font ou disent, et que, pour moi, il ne doit y avoir dans le monde qu&rsquo;une chose : Dieu. Dieu, qui va tout ordonner pour mon bien. Dieu, qui fait se lever chaque matin le soleil, qui fait fondre le givre, qui fait chanter les oiseaux, et change en mille douces couleurs les nuages du ciel. Dieu, qui m&rsquo;offre un petit coin sur cette terre pour prier, qui me donne un petit coin o\u00f9 pouvoir attendre ce que j&rsquo;esp\u00e8re.<\/p>\n<p>Dieu, si bon avec moi que, dans le silence, il me parle au c\u0153ur, et m&rsquo;apprend peu \u00e0 peu, peut-\u00eatre dans les larmes, toujours avec la croix, \u00e0 me d\u00e9tacher des cr\u00e9atures ; \u00e0 ne chercher la perfection qu&rsquo;en lui ; qui me montre Marie et me dit : \u00ab Voici l&rsquo;unique cr\u00e9ature parfaite ; en elle tu trouveras l&rsquo;amour et la charit\u00e9 que tu ne trouves pas chez les hommes. De quoi te plains-tu, Fr\u00e8re Rapha\u00ebl ? Aime-moi, souffre avec moi ; c&rsquo;est moi, J\u00e9sus ! \u00bb<\/p>\n<p>Saint Rapha\u00ebl Arn\u00e1iz Bar\u00f3n (1911-1938), moine trappiste espagnol<br \/>\n<i>\u00c9crits spirituels, 23\/02\/1938 (trad. Cerf 2008, p. 1364)<\/i><\/p>\n<p>&nbsp;<\/p>\n<p>&nbsp;<\/p>\n<p>&nbsp;<\/p>\n","protected":false},"excerpt":{"rendered":"<p>Je me suis pench\u00e9 \u00e0 la fen\u00eatre\u2026 Le soleil commen\u00e7ait \u00e0 se lever. Une paix tr\u00e8s grande r\u00e9gnait sur la nature. Tout commen\u00e7ait \u00e0 s&rsquo;\u00e9veiller, la terre, le ciel, les oiseaux. Tout, petit \u00e0 petit, commen\u00e7ait \u00e0 s&rsquo;\u00e9veiller sous l&rsquo;ordre de Dieu. Tout ob\u00e9issait \u00e0 ses divines lois, sans plaintes ni sursauts, doucement, avec mansu\u00e9tude, [&hellip;]<\/p>\n","protected":false},"author":2,"featured_media":0,"comment_status":"closed","ping_status":"closed","sticky":false,"template":"","format":"standard","meta":{"footnotes":""},"categories":[3,13,16,28],"tags":[57,65,269,535,709,1075],"class_list":["post-10295","post","type-post","status-publish","format-standard","hentry","category-liturgique","category-ecritures","category-jardins-de-la-bible","category-saints-et-saintes","tag-ame","tag-amour-et-paix","tag-creation","tag-jesus","tag-nature","tag-st-raphael-arnaiz-baron"],"_links":{"self":[{"href":"https:\/\/www.associationdemarie.org\/blog\/wp-json\/wp\/v2\/posts\/10295","targetHints":{"allow":["GET"]}}],"collection":[{"href":"https:\/\/www.associationdemarie.org\/blog\/wp-json\/wp\/v2\/posts"}],"about":[{"href":"https:\/\/www.associationdemarie.org\/blog\/wp-json\/wp\/v2\/types\/post"}],"author":[{"embeddable":true,"href":"https:\/\/www.associationdemarie.org\/blog\/wp-json\/wp\/v2\/users\/2"}],"replies":[{"embeddable":true,"href":"https:\/\/www.associationdemarie.org\/blog\/wp-json\/wp\/v2\/comments?post=10295"}],"version-history":[{"count":1,"href":"https:\/\/www.associationdemarie.org\/blog\/wp-json\/wp\/v2\/posts\/10295\/revisions"}],"predecessor-version":[{"id":10297,"href":"https:\/\/www.associationdemarie.org\/blog\/wp-json\/wp\/v2\/posts\/10295\/revisions\/10297"}],"wp:attachment":[{"href":"https:\/\/www.associationdemarie.org\/blog\/wp-json\/wp\/v2\/media?parent=10295"}],"wp:term":[{"taxonomy":"category","embeddable":true,"href":"https:\/\/www.associationdemarie.org\/blog\/wp-json\/wp\/v2\/categories?post=10295"},{"taxonomy":"post_tag","embeddable":true,"href":"https:\/\/www.associationdemarie.org\/blog\/wp-json\/wp\/v2\/tags?post=10295"}],"curies":[{"name":"wp","href":"https:\/\/api.w.org\/{rel}","templated":true}]}}