{"id":10291,"date":"2014-11-19T01:50:13","date_gmt":"2014-11-19T00:50:13","guid":{"rendered":"http:\/\/www.associationdemarie.org\/blog\/?p=10291"},"modified":"2014-11-06T05:55:46","modified_gmt":"2014-11-06T04:55:46","slug":"faites-les-fructifier-2","status":"publish","type":"post","link":"https:\/\/www.associationdemarie.org\/blog\/faites-les-fructifier-2\/","title":{"rendered":"\u00ab Faites-les fructifier. \u00bb"},"content":{"rendered":"<p style=\"text-align: center;\"><a href=\"https:\/\/www.associationdemarie.org\/blog\/wp-content\/uploads\/2014\/11\/automne.jpg\"><img loading=\"lazy\" decoding=\"async\" class=\"aligncenter  wp-image-10292\" alt=\"automne\" src=\"https:\/\/www.associationdemarie.org\/blog\/wp-content\/uploads\/2014\/11\/automne.jpg\" width=\"461\" height=\"307\" srcset=\"https:\/\/www.associationdemarie.org\/blog\/wp-content\/uploads\/2014\/11\/automne.jpg 960w, https:\/\/www.associationdemarie.org\/blog\/wp-content\/uploads\/2014\/11\/automne-300x200.jpg 300w\" sizes=\"auto, (max-width: 461px) 100vw, 461px\" \/><\/a><\/p>\n<p>L&rsquo;environnement naturel a \u00e9t\u00e9 donn\u00e9 \u00e0 tous par Dieu et son usage repr\u00e9sente pour nous une responsabilit\u00e9 \u00e0 l&rsquo;\u00e9gard des pauvres, des g\u00e9n\u00e9rations \u00e0 venir et de l&rsquo;humanit\u00e9 tout enti\u00e8re\u2026 Dans la nature, le croyant reconna\u00eet le merveilleux r\u00e9sultat de l&rsquo;intervention cr\u00e9atrice de Dieu, dont l&rsquo;homme peut user pour satisfaire ses besoins l\u00e9gitimes \u2014 mat\u00e9riels et immat\u00e9riels \u2014 dans le respect des \u00e9quilibres propres \u00e0 la r\u00e9alit\u00e9 cr\u00e9\u00e9e. Si cette vision se perd, l&rsquo;homme finit soit par consid\u00e9rer la nature comme une r\u00e9alit\u00e9 intouchable, soit, au contraire, par en abuser. Ces deux attitudes ne sont pas conformes \u00e0 la vision chr\u00e9tienne de la nature, fruit de la cr\u00e9ation de Dieu.<\/p>\n<p>La nature est l&rsquo;expression d&rsquo;un dessein d&rsquo;amour et de v\u00e9rit\u00e9. Elle nous pr\u00e9c\u00e8de et Dieu nous l&rsquo;a donn\u00e9e comme milieu de vie. Elle nous parle du Cr\u00e9ateur (Rm 1,20) et de son amour pour l&rsquo;humanit\u00e9. Elle est destin\u00e9e \u00e0 \u00eatre \u00ab r\u00e9unie sous un seul chef \u00bb dans le Christ \u00e0 la fin des temps (Ep 1,10; Col 1,19) ; elle a donc elle aussi une \u00ab vocation \u00bb. La nature est \u00e0 notre disposition non pas comme un tas de choses r\u00e9pandues au hasard, mais au contraire comme un don du Cr\u00e9ateur qui en a indiqu\u00e9 les lois intrins\u00e8ques afin que l&rsquo;homme en tire les orientations n\u00e9cessaires pour \u00ab la garder et la cultiver \u00bb (Gn 2,15)\u2026<\/p>\n<p>Il est juste que l&rsquo;homme puisse exercer une ma\u00eetrise responsable sur la nature pour la prot\u00e9ger, la mettre en valeur et la cultiver selon des formes nouvelles et avec des technologies avanc\u00e9es, afin que la terre puisse accueillir dignement et nourrir la population qui l&rsquo;habite. Il y a de la place pour tous sur la terre : la famille humaine tout enti\u00e8re doit y trouver les ressources n\u00e9cessaires pour vivre correctement&#8230; Nous devons cependant avoir conscience du grave devoir que nous avons de laisser la terre aux nouvelles g\u00e9n\u00e9rations dans un \u00e9tat tel qu&rsquo;elles puissent elles aussi l&rsquo;habiter d\u00e9cemment et continuer \u00e0 la cultiver.<\/p>\n<p>Beno\u00eet XVI, pape de 2005 \u00e0 2013<br \/>\n<i>Encyclique \u00ab Caritas in veritate \/ L\u2019amour dans la v\u00e9rit\u00e9 \u00bb, \u00a7 48, 50 (trad. \u00a9 copyright Libreria Editrice Vaticana<\/i><\/p>\n<p>&nbsp;<\/p>\n<p>&nbsp;<\/p>\n<p>&nbsp;<\/p>\n","protected":false},"excerpt":{"rendered":"<p>L&rsquo;environnement naturel a \u00e9t\u00e9 donn\u00e9 \u00e0 tous par Dieu et son usage repr\u00e9sente pour nous une responsabilit\u00e9 \u00e0 l&rsquo;\u00e9gard des pauvres, des g\u00e9n\u00e9rations \u00e0 venir et de l&rsquo;humanit\u00e9 tout enti\u00e8re\u2026 Dans la nature, le croyant reconna\u00eet le merveilleux r\u00e9sultat de l&rsquo;intervention cr\u00e9atrice de Dieu, dont l&rsquo;homme peut user pour satisfaire ses besoins l\u00e9gitimes \u2014 mat\u00e9riels [&hellip;]<\/p>\n","protected":false},"author":2,"featured_media":0,"comment_status":"closed","ping_status":"closed","sticky":false,"template":"","format":"standard","meta":{"footnotes":""},"categories":[3,13,16],"tags":[142,269,295,360,709],"class_list":["post-10291","post","type-post","status-publish","format-standard","hentry","category-liturgique","category-ecritures","category-jardins-de-la-bible","tag-benoit-16","tag-creation","tag-dieu","tag-environnement","tag-nature"],"_links":{"self":[{"href":"https:\/\/www.associationdemarie.org\/blog\/wp-json\/wp\/v2\/posts\/10291","targetHints":{"allow":["GET"]}}],"collection":[{"href":"https:\/\/www.associationdemarie.org\/blog\/wp-json\/wp\/v2\/posts"}],"about":[{"href":"https:\/\/www.associationdemarie.org\/blog\/wp-json\/wp\/v2\/types\/post"}],"author":[{"embeddable":true,"href":"https:\/\/www.associationdemarie.org\/blog\/wp-json\/wp\/v2\/users\/2"}],"replies":[{"embeddable":true,"href":"https:\/\/www.associationdemarie.org\/blog\/wp-json\/wp\/v2\/comments?post=10291"}],"version-history":[{"count":1,"href":"https:\/\/www.associationdemarie.org\/blog\/wp-json\/wp\/v2\/posts\/10291\/revisions"}],"predecessor-version":[{"id":10293,"href":"https:\/\/www.associationdemarie.org\/blog\/wp-json\/wp\/v2\/posts\/10291\/revisions\/10293"}],"wp:attachment":[{"href":"https:\/\/www.associationdemarie.org\/blog\/wp-json\/wp\/v2\/media?parent=10291"}],"wp:term":[{"taxonomy":"category","embeddable":true,"href":"https:\/\/www.associationdemarie.org\/blog\/wp-json\/wp\/v2\/categories?post=10291"},{"taxonomy":"post_tag","embeddable":true,"href":"https:\/\/www.associationdemarie.org\/blog\/wp-json\/wp\/v2\/tags?post=10291"}],"curies":[{"name":"wp","href":"https:\/\/api.w.org\/{rel}","templated":true}]}}