{"id":10272,"date":"2014-11-14T01:22:59","date_gmt":"2014-11-14T00:22:59","guid":{"rendered":"http:\/\/www.associationdemarie.org\/blog\/?p=10272"},"modified":"2014-11-03T06:30:43","modified_gmt":"2014-11-03T05:30:43","slug":"on-mangeait-on-buvait-on-achetait-on-vendait","status":"publish","type":"post","link":"https:\/\/www.associationdemarie.org\/blog\/on-mangeait-on-buvait-on-achetait-on-vendait\/","title":{"rendered":"\u00ab On mangeait, on buvait, on achetait, on vendait. \u00bb"},"content":{"rendered":"<p><span style=\"line-height: 1.5em; color: #ffffff;\">;<\/span><\/p>\n<p><span style=\"line-height: 1.5em;\"><a href=\"https:\/\/www.associationdemarie.org\/blog\/wp-content\/uploads\/2014\/11\/passeur-lumiere-oeil-inverse.jpg\"><img loading=\"lazy\" decoding=\"async\" class=\"aligncenter size-full wp-image-10273\" alt=\"passeur-lumiere-oeil-inverse\" src=\"https:\/\/www.associationdemarie.org\/blog\/wp-content\/uploads\/2014\/11\/passeur-lumiere-oeil-inverse.jpg\" width=\"543\" height=\"326\" srcset=\"https:\/\/www.associationdemarie.org\/blog\/wp-content\/uploads\/2014\/11\/passeur-lumiere-oeil-inverse.jpg 543w, https:\/\/www.associationdemarie.org\/blog\/wp-content\/uploads\/2014\/11\/passeur-lumiere-oeil-inverse-300x180.jpg 300w\" sizes=\"auto, (max-width: 543px) 100vw, 543px\" \/><\/a><\/span><\/p>\n<p><span style=\"color: #ffffff;\">.<\/span><span style=\"line-height: 1.5em;\">Le Seigneur a fait \u00e0 ses disciples de grandes recommandations pour que leur esprit secoue comme une poussi\u00e8re tout ce qui est terrestre dans la nature et s&rsquo;\u00e9l\u00e8ve au d\u00e9sir des r\u00e9alit\u00e9s surnaturelles. C&rsquo;est qu&rsquo;il faut, quand on se tourne vers la vie d&rsquo;en haut, \u00eatre plus forts que le sommeil et garder toujours l&rsquo;esprit vigilant\u2026 Je parle de cet assoupissement de ceux qui sont enfonc\u00e9s dans le mensonge de la vie par ces r\u00eaves illusoires que sont les honneurs, les richesses, le pouvoir, le faste, la fascination des plaisirs, l&rsquo;ambition, la soif de jouissance, la vanit\u00e9 et tout ce que l&rsquo;imagination entra\u00eene les hommes superficiels \u00e0 poursuivre follement. Toutes ces choses s&rsquo;\u00e9coulent avec la nature \u00e9ph\u00e9m\u00e8re du temps ; elles sont du domaine du para\u00eetre\u2026; \u00e0 peine ont-elles paru exister, elles disparaissent comme les vagues sur la mer\u2026<\/span><\/p>\n<p>C&rsquo;est pour que notre esprit soit d\u00e9gag\u00e9 de ces illusions que le Verbe, la Parole de Dieu, nous invite \u00e0 secouer des yeux de l&rsquo;\u00e2me ce sommeil profond, afin que nous ne glissions pas loin des r\u00e9alit\u00e9s v\u00e9ritables en nous attachant \u00e0 ce qui n&rsquo;a pas de consistance. C&rsquo;est pourquoi il nous propose la vigilance, en nous disant : \u00ab Restez en tenue de service et gardez vos lampes allum\u00e9es \u00bb (Lc 12,35). Car la lumi\u00e8re, en brillant devant les yeux, chasse le sommeil, et les reins serr\u00e9s par la ceinture emp\u00eachent le corps d&rsquo;y succomber\u2026 Celui qui est ceint par la temp\u00e9rance vit dans la lumi\u00e8re d&rsquo;une conscience pure ; la confiance filiale illumine sa vie comme une lampe\u2026 Si nous vivons comme cela, nous entrerons dans une vie semblable \u00e0 celle des anges.<\/p>\n<p>Saint Gr\u00e9goire de Nysse (v. 335-395), moine et \u00e9v\u00eaque<br \/>\n<i>Sermons sur le Cantique des Cantiques, n\u00b011, 1 (trad. Canevet, Cerf 1992, p.141 rev.)<\/i><\/p>\n<p>&nbsp;<\/p>\n<p>&nbsp;<\/p>\n<p>&nbsp;<\/p>\n","protected":false},"excerpt":{"rendered":"<p>; .Le Seigneur a fait \u00e0 ses disciples de grandes recommandations pour que leur esprit secoue comme une poussi\u00e8re tout ce qui est terrestre dans la nature et s&rsquo;\u00e9l\u00e8ve au d\u00e9sir des r\u00e9alit\u00e9s surnaturelles. C&rsquo;est qu&rsquo;il faut, quand on se tourne vers la vie d&rsquo;en haut, \u00eatre plus forts que le sommeil et garder toujours [&hellip;]<\/p>\n","protected":false},"author":2,"featured_media":0,"comment_status":"closed","ping_status":"closed","sticky":false,"template":"","format":"standard","meta":{"footnotes":""},"categories":[3,13,28],"tags":[57,567,967,1035,1175,1179],"class_list":["post-10272","post","type-post","status-publish","format-standard","hentry","category-liturgique","category-ecritures","category-saints-et-saintes","tag-ame","tag-lampes","tag-seigneur","tag-st-gregoire","tag-veillez","tag-verbe"],"_links":{"self":[{"href":"https:\/\/www.associationdemarie.org\/blog\/wp-json\/wp\/v2\/posts\/10272","targetHints":{"allow":["GET"]}}],"collection":[{"href":"https:\/\/www.associationdemarie.org\/blog\/wp-json\/wp\/v2\/posts"}],"about":[{"href":"https:\/\/www.associationdemarie.org\/blog\/wp-json\/wp\/v2\/types\/post"}],"author":[{"embeddable":true,"href":"https:\/\/www.associationdemarie.org\/blog\/wp-json\/wp\/v2\/users\/2"}],"replies":[{"embeddable":true,"href":"https:\/\/www.associationdemarie.org\/blog\/wp-json\/wp\/v2\/comments?post=10272"}],"version-history":[{"count":3,"href":"https:\/\/www.associationdemarie.org\/blog\/wp-json\/wp\/v2\/posts\/10272\/revisions"}],"predecessor-version":[{"id":10276,"href":"https:\/\/www.associationdemarie.org\/blog\/wp-json\/wp\/v2\/posts\/10272\/revisions\/10276"}],"wp:attachment":[{"href":"https:\/\/www.associationdemarie.org\/blog\/wp-json\/wp\/v2\/media?parent=10272"}],"wp:term":[{"taxonomy":"category","embeddable":true,"href":"https:\/\/www.associationdemarie.org\/blog\/wp-json\/wp\/v2\/categories?post=10272"},{"taxonomy":"post_tag","embeddable":true,"href":"https:\/\/www.associationdemarie.org\/blog\/wp-json\/wp\/v2\/tags?post=10272"}],"curies":[{"name":"wp","href":"https:\/\/api.w.org\/{rel}","templated":true}]}}