{"id":10266,"date":"2014-11-12T01:23:05","date_gmt":"2014-11-12T00:23:05","guid":{"rendered":"http:\/\/www.associationdemarie.org\/blog\/?p=10266"},"modified":"2014-11-02T07:33:26","modified_gmt":"2014-11-02T06:33:26","slug":"je-te-remercie-mon-dieu","status":"publish","type":"post","link":"https:\/\/www.associationdemarie.org\/blog\/je-te-remercie-mon-dieu\/","title":{"rendered":"Je te remercie, mon Dieu"},"content":{"rendered":"<p><a href=\"https:\/\/www.associationdemarie.org\/blog\/wp-content\/uploads\/2014\/11\/bandeau_vertical.jpg\"><img loading=\"lazy\" decoding=\"async\" class=\"alignright size-full wp-image-10267\" alt=\"bandeau_vertical\" src=\"https:\/\/www.associationdemarie.org\/blog\/wp-content\/uploads\/2014\/11\/bandeau_vertical.jpg\" width=\"94\" height=\"1000\" \/><\/a>Je te remercie, mon Dieu, pour toutes les gr\u00e2ces,<br \/>\nDont tu me combles sans cesse,<br \/>\nEt qui m&rsquo;\u00e9clairent, comme la lumi\u00e8re du soleil,<br \/>\nPar elles tu me montres le chemin s\u00fbr.<\/p>\n<p>Merci, mon Dieu, de m&rsquo;avoir cr\u00e9\u00e9e,<br \/>\nDe m&rsquo;avoir appel\u00e9e du n\u00e9ant \u00e0 l&rsquo;existence,<br \/>\nD&rsquo;y avoir marqu\u00e9 ta divine empreinte,<br \/>\nEt de ne l&rsquo;avoir fait que par amour.<\/p>\n<p>Merci, mon Dieu, pour le saint bapt\u00eame,<br \/>\nQui m&rsquo;a incorpor\u00e9e \u00e0 la famille divine ;<br \/>\nC&rsquo;est un don inconcevable et grand,<br \/>\nQui transforme nos \u00e2mes.<\/p>\n<p>Merci, Seigneur, pour la sainte confession<br \/>\nPour cette source de grande mis\u00e9ricorde,<br \/>\nQui est intarissable,<br \/>\nPour cette source inconcevable de gr\u00e2ces,<br \/>\nQui rend la blancheur aux \u00e2mes souill\u00e9es par le p\u00e9ch\u00e9.<\/p>\n<p>Je te remercie, J\u00e9sus, pour la sainte Communion,<br \/>\nPar laquelle toi-m\u00eame tu te donnes \u00e0 nous ;<br \/>\nJe sens comme ton c\u0153ur bat en ma poitrine,<br \/>\nComme toi-m\u00eame tu \u00e9panouis la vie divine en moi.<\/p>\n<p>Je te remercie, Saint Esprit, pour le sacrement de la confirmation,<br \/>\nQui m&rsquo;a arm\u00e9e chevalier \u00e0 ton service,<br \/>\nEt donne force \u00e0 l&rsquo;\u00e2me \u00e0 chaque instant,<br \/>\nEt me prot\u00e8ge du mal\u2026<\/p>\n<p>Je te remercie, Seigneur, pour le sacrement de l&rsquo;extr\u00eame-onction<br \/>\nQui me fortifiera pour la lutte dans mes derniers moments,<br \/>\nEt m&rsquo;aidera \u00e0 parvenir au salut,<br \/>\nEt donnera force \u00e0 mon \u00e2me,<br \/>\nAfin que nous nous r\u00e9jouissions \u00e9ternellement.<\/p>\n<p>Merci, mon Dieu, pour toutes les inspirations,<br \/>\nDont ta bont\u00e9 me comble,<br \/>\nPour ces illuminations int\u00e9rieures de l&rsquo;\u00e2me,<br \/>\nQu&rsquo;on ne peut pas exprimer, mais que le c\u0153ur ressent.<\/p>\n<p>Merci, Sainte Trinit\u00e9, pour cette foule de gr\u00e2ces,<br \/>\nDont tu me combles \u00e0 chaque instant, ma vie durant.<br \/>\nMa gratitude cro\u00eetra \u00e0 mon entr\u00e9e dans l&rsquo;aube \u00e9ternelle,<br \/>\nLorsque j&rsquo;entonnerai pour la premi\u00e8re fois un chant \u00e0 ta gloire.<\/p>\n<p>Sainte Faustine Kowalska (1905-1938), religieuse<br \/>\n<i>Petit Journal, \u00a7 1286 (trad. Parole et dialogue 2002, p. 433)<\/i><\/p>\n<p>&nbsp;<\/p>\n<p>&nbsp;<\/p>\n<p>&nbsp;<\/p>\n","protected":false},"excerpt":{"rendered":"<p>Je te remercie, mon Dieu, pour toutes les gr\u00e2ces, Dont tu me combles sans cesse, Et qui m&rsquo;\u00e9clairent, comme la lumi\u00e8re du soleil, Par elles tu me montres le chemin s\u00fbr. Merci, mon Dieu, de m&rsquo;avoir cr\u00e9\u00e9e, De m&rsquo;avoir appel\u00e9e du n\u00e9ant \u00e0 l&rsquo;existence, D&rsquo;y avoir marqu\u00e9 ta divine empreinte, Et de ne l&rsquo;avoir fait [&hellip;]<\/p>\n","protected":false},"author":2,"featured_media":0,"comment_status":"closed","ping_status":"closed","sticky":false,"template":"","format":"standard","meta":{"footnotes":""},"categories":[3,26,28],"tags":[38,1302,830,916,1094],"class_list":["post-10266","post","type-post","status-publish","format-standard","hentry","category-liturgique","category-priere-des-ames","category-saints-et-saintes","tag-action-de-grace","tag-merci","tag-priere","tag-sacrement","tag-ste-faustine"],"_links":{"self":[{"href":"https:\/\/www.associationdemarie.org\/blog\/wp-json\/wp\/v2\/posts\/10266","targetHints":{"allow":["GET"]}}],"collection":[{"href":"https:\/\/www.associationdemarie.org\/blog\/wp-json\/wp\/v2\/posts"}],"about":[{"href":"https:\/\/www.associationdemarie.org\/blog\/wp-json\/wp\/v2\/types\/post"}],"author":[{"embeddable":true,"href":"https:\/\/www.associationdemarie.org\/blog\/wp-json\/wp\/v2\/users\/2"}],"replies":[{"embeddable":true,"href":"https:\/\/www.associationdemarie.org\/blog\/wp-json\/wp\/v2\/comments?post=10266"}],"version-history":[{"count":1,"href":"https:\/\/www.associationdemarie.org\/blog\/wp-json\/wp\/v2\/posts\/10266\/revisions"}],"predecessor-version":[{"id":10268,"href":"https:\/\/www.associationdemarie.org\/blog\/wp-json\/wp\/v2\/posts\/10266\/revisions\/10268"}],"wp:attachment":[{"href":"https:\/\/www.associationdemarie.org\/blog\/wp-json\/wp\/v2\/media?parent=10266"}],"wp:term":[{"taxonomy":"category","embeddable":true,"href":"https:\/\/www.associationdemarie.org\/blog\/wp-json\/wp\/v2\/categories?post=10266"},{"taxonomy":"post_tag","embeddable":true,"href":"https:\/\/www.associationdemarie.org\/blog\/wp-json\/wp\/v2\/tags?post=10266"}],"curies":[{"name":"wp","href":"https:\/\/api.w.org\/{rel}","templated":true}]}}