{"id":10228,"date":"2014-11-04T01:33:29","date_gmt":"2014-11-04T00:33:29","guid":{"rendered":"http:\/\/www.associationdemarie.org\/blog\/?p=10228"},"modified":"2014-10-14T05:34:58","modified_gmt":"2014-10-14T04:34:58","slug":"depeche-toi-daller-sur-les-places-et-dans-les-rues-de-la-ville-et-amene-ici-les-pauvres","status":"publish","type":"post","link":"https:\/\/www.associationdemarie.org\/blog\/depeche-toi-daller-sur-les-places-et-dans-les-rues-de-la-ville-et-amene-ici-les-pauvres\/","title":{"rendered":"\u00ab D\u00e9p\u00eache-toi d\u2019aller sur les places et dans les rues de la ville, et am\u00e8ne ici les pauvres. \u00bb"},"content":{"rendered":"<p><a href=\"https:\/\/www.associationdemarie.org\/blog\/wp-content\/uploads\/2014\/10\/pauvrete-1232917101.jpg\"><img loading=\"lazy\" decoding=\"async\" class=\"aligncenter size-full wp-image-10229\" alt=\"pauvrete-1232917101\" src=\"https:\/\/www.associationdemarie.org\/blog\/wp-content\/uploads\/2014\/10\/pauvrete-1232917101.jpg\" width=\"360\" height=\"351\" srcset=\"https:\/\/www.associationdemarie.org\/blog\/wp-content\/uploads\/2014\/10\/pauvrete-1232917101.jpg 360w, https:\/\/www.associationdemarie.org\/blog\/wp-content\/uploads\/2014\/10\/pauvrete-1232917101-300x292.jpg 300w\" sizes=\"auto, (max-width: 360px) 100vw, 360px\" \/><\/a><\/p>\n<p>Le pauvre n\u2019a pas faim seulement de pain, il a aussi terriblement faim de dignit\u00e9 humaine. Nous avons besoin d\u2019amour et d\u2019exister pour quelqu\u2019un d\u2019autre. C\u2019est l\u00e0 que nous commettons une erreur lorsque nous repoussons les gens sur le bas-c\u00f4t\u00e9. Non seulement nous avons refus\u00e9 aux pauvres un morceau de pain mais, en les consid\u00e9rant comme rien, en les abandonnant \u00e0 la rue, nous leur refusons cette dignit\u00e9 qui est la leur, de plein droit, en tant qu\u2019enfants de Dieu. Le monde, aujourd\u2019hui, est affam\u00e9 non seulement de pain, mais d\u2019amour ; il a faim d\u2019\u00eatre d\u00e9sir\u00e9, d\u2019\u00eatre aim\u00e9. Les gens ont faim de sentir la pr\u00e9sence du Christ. Dans beaucoup de pays, on dispose de tout en abondance, sauf de cette pr\u00e9sence, de cette bienveillance.<\/p>\n<p>En chaque pays il y a des pauvres. Il est des continents o\u00f9 la pauvret\u00e9 est plus spirituelle que mat\u00e9rielle, une pauvret\u00e9 faite de solitude, de d\u00e9couragement, d\u2019une absence de sens. Mais j\u2019ai vu aussi, en Europe ou en Am\u00e9rique, des gens dans le plus grand d\u00e9nuement dormir sur des cartons, des chiffons, dans les rues. Paris, Londres ou Rome connaissent cette forme de pauvret\u00e9. Il est si simple de parler ou de se pr\u00e9occuper des pauvres qui sont au loin. Il est plus difficile, et peut-\u00eatre un plus grand d\u00e9fi, de pr\u00eater attention et de se soucier du pauvre qui vit \u00e0 deux pas de chez nous.<\/p>\n<p>Le riz, le pain, que je donne \u00e0 l\u2019affam\u00e9 ramass\u00e9 dans la rue apaiseront sa faim. Mais celui qui vit dans l\u2019exclusion, le manque d\u2019amour et une grande peur, combien il sera difficile de combler cette faim-l\u00e0. Vous qui habitez en Occident, bien plus que la pauvret\u00e9 mat\u00e9rielle, vous connaissez la pauvret\u00e9 spirituelle, et c\u2019est pour cela que vos pauvres sont parmi les plus pauvres. Parmi les riches, il y a souvent des personnes spirituellement tr\u00e8s pauvres. Je trouve qu\u2019il est facile de nourrir un affam\u00e9 ou de fournir un lit \u00e0 un sans-abri, mais consoler, effacer l\u2019amertume, la col\u00e8re et l\u2019isolement qui viennent de l\u2019indigence spirituelle, cela demande beaucoup plus de temps.<\/p>\n<p>Bienheureuse Teresa de Calcutta (1910-1997), fondatrice des S\u0153urs Missionnaires de la Charit\u00e9<br \/>\n<i>No Greater Love, p. 93<\/i><\/p>\n<p>&nbsp;<\/p>\n<p>&nbsp;<\/p>\n<p>&nbsp;<\/p>\n","protected":false},"excerpt":{"rendered":"<p>Le pauvre n\u2019a pas faim seulement de pain, il a aussi terriblement faim de dignit\u00e9 humaine. Nous avons besoin d\u2019amour et d\u2019exister pour quelqu\u2019un d\u2019autre. C\u2019est l\u00e0 que nous commettons une erreur lorsque nous repoussons les gens sur le bas-c\u00f4t\u00e9. Non seulement nous avons refus\u00e9 aux pauvres un morceau de pain mais, en les consid\u00e9rant [&hellip;]<\/p>\n","protected":false},"author":2,"featured_media":0,"comment_status":"closed","ping_status":"closed","sticky":false,"template":"","format":"standard","meta":{"footnotes":""},"categories":[3,13,28],"tags":[152,785],"class_list":["post-10228","post","type-post","status-publish","format-standard","hentry","category-liturgique","category-ecritures","category-saints-et-saintes","tag-bienheureuse-therese-de-calcutta","tag-pauvrete"],"_links":{"self":[{"href":"https:\/\/www.associationdemarie.org\/blog\/wp-json\/wp\/v2\/posts\/10228","targetHints":{"allow":["GET"]}}],"collection":[{"href":"https:\/\/www.associationdemarie.org\/blog\/wp-json\/wp\/v2\/posts"}],"about":[{"href":"https:\/\/www.associationdemarie.org\/blog\/wp-json\/wp\/v2\/types\/post"}],"author":[{"embeddable":true,"href":"https:\/\/www.associationdemarie.org\/blog\/wp-json\/wp\/v2\/users\/2"}],"replies":[{"embeddable":true,"href":"https:\/\/www.associationdemarie.org\/blog\/wp-json\/wp\/v2\/comments?post=10228"}],"version-history":[{"count":1,"href":"https:\/\/www.associationdemarie.org\/blog\/wp-json\/wp\/v2\/posts\/10228\/revisions"}],"predecessor-version":[{"id":10230,"href":"https:\/\/www.associationdemarie.org\/blog\/wp-json\/wp\/v2\/posts\/10228\/revisions\/10230"}],"wp:attachment":[{"href":"https:\/\/www.associationdemarie.org\/blog\/wp-json\/wp\/v2\/media?parent=10228"}],"wp:term":[{"taxonomy":"category","embeddable":true,"href":"https:\/\/www.associationdemarie.org\/blog\/wp-json\/wp\/v2\/categories?post=10228"},{"taxonomy":"post_tag","embeddable":true,"href":"https:\/\/www.associationdemarie.org\/blog\/wp-json\/wp\/v2\/tags?post=10228"}],"curies":[{"name":"wp","href":"https:\/\/api.w.org\/{rel}","templated":true}]}}